{"id":11825,"date":"2026-03-09T15:22:39","date_gmt":"2026-03-09T14:22:39","guid":{"rendered":"https:\/\/coordimed.hu\/?p=11825"},"modified":"2026-03-09T15:33:22","modified_gmt":"2026-03-09T14:33:22","slug":"amikor-a-kepek-meselnek-beszelgetes-dr-incze-zsuzsa-radiologussal","status":"publish","type":"post","link":"https:\/\/coordimed.hu\/index.php\/2026\/03\/09\/amikor-a-kepek-meselnek-beszelgetes-dr-incze-zsuzsa-radiologussal\/","title":{"rendered":"Amikor a k\u00e9pek mes\u00e9lnek \u2013 besz\u00e9lget\u00e9s Dr. Incze Zsuzsa radiol\u00f3gussal"},"content":{"rendered":"\t\t<div data-elementor-type=\"wp-post\" data-elementor-id=\"11825\" class=\"elementor elementor-11825\" data-elementor-settings=\"{&quot;ha_cmc_init_switcher&quot;:&quot;no&quot;}\" data-elementor-post-type=\"post\">\n\t\t\t\t<div class=\"elementor-element elementor-element-4cfebad e-flex e-con-boxed e-con e-parent\" data-id=\"4cfebad\" data-element_type=\"container\" data-e-type=\"container\" data-settings=\"{&quot;_ha_eqh_enable&quot;:false}\">\n\t\t\t\t\t<div class=\"e-con-inner\">\n\t\t\t\t<div class=\"elementor-element elementor-element-299bef5 elementor-widget elementor-widget-html\" data-id=\"299bef5\" data-element_type=\"widget\" data-e-type=\"widget\" data-widget_type=\"html.default\">\n\t\t\t\t\t<style>\r\n.article-container{\r\n  max-width: 920px;\r\n  margin: 0 auto;\r\n  font-family: \"Montserrat\", Arial, sans-serif;\r\n  line-height: 1.8;\r\n  color: #333333;\r\n}\r\n\r\n.article-container h1{\r\n  font-size: 38px;\r\n  margin-bottom: 16px;\r\n  color: #1f1f1f;\r\n}\r\n\r\n.article-container .lead{\r\n  font-size: 18px;\r\n  color: #4a4a4a;\r\n  margin-bottom: 24px;\r\n}\r\n\r\n.article-container h2{\r\n  margin-top: 70px;\r\n  margin-bottom: 18px;\r\n  font-size: 28px;\r\n  color: #1f1f1f;\r\n  border-bottom: 2px solid #e8e8e8;\r\n  padding-bottom: 10px;\r\n}\r\n\r\n.article-container h3{\r\n  margin-top: 34px;\r\n  margin-bottom: 10px;\r\n  font-size: 21px;\r\n  color: #1f1f1f;\r\n}\r\n\r\n.article-container p{\r\n  margin: 14px 0;\r\n  font-size: 16px;\r\n}\r\n\r\n.quote-box{\r\n  background: #f7f9fc;\r\n  border-left: 4px solid #2c7be5;\r\n  padding: 24px;\r\n  margin: 34px 0;\r\n  font-size: 18px;\r\n  font-style: italic;\r\n  color: #2c2c2c;\r\n}\r\n\r\n.highlight-box{\r\n  background: #f4f8ff;\r\n  border: 1px solid #d8e5ff;\r\n  border-radius: 8px;\r\n  padding: 28px;\r\n  margin: 42px 0;\r\n}\r\n\r\n.section-divider{\r\n  margin: 60px 0 30px 0;\r\n  border-top: 1px solid #e6e6e6;\r\n}\r\n\r\n.intro-box{\r\n  background: #fafafa;\r\n  border: 1px solid #ececec;\r\n  border-radius: 8px;\r\n  padding: 24px;\r\n  margin: 26px 0 34px 0;\r\n}\r\n<\/style>\r\n\r\n<div class=\"article-container\">\r\n\r\n  <h1>Amikor a k\u00e9pek mes\u00e9lnek \u2013 besz\u00e9lget\u00e9s Dr. Incze Zsuzsa radiol\u00f3gus szakorvossal<\/h1>\r\n\r\n  <p class=\"lead\">A modern orvosl\u00e1sban a k\u00e9palkot\u00f3 diagnosztika kulcsszerepet j\u00e1tszik a betegs\u00e9gek felismer\u00e9s\u00e9ben, a pontos diagn\u00f3zis fel\u00e1ll\u00edt\u00e1s\u00e1ban \u00e9s a tov\u00e1bbi kivizsg\u00e1l\u00e1s megtervez\u00e9s\u00e9ben. De mit jelent val\u00f3j\u00e1ban radiol\u00f3gusnak lenni? Milyen ember \u00e1ll a leletek m\u00f6g\u00f6tt, \u00e9s mit l\u00e1t egy szakember az ultrahang vagy m\u00e1s k\u00e9palkot\u00f3 vizsg\u00e1latok k\u00e9pein t\u00fal?<\/p>\r\n\r\n  <div class=\"intro-box\">\r\n    <p>Dr. Incze Zsuzs\u00e1val besz\u00e9lgett\u00fcnk arr\u00f3l, mi\u00e9rt v\u00e1lasztotta a radiol\u00f3gi\u00e1t, mit szeret legjobban a szakm\u00e1j\u00e1ban, hogyan tal\u00e1lkozik nap mint nap emberi t\u00f6rt\u00e9netekkel a vizsg\u00e1latok sor\u00e1n, \u00e9s mi\u00e9rt lehet az ultrahang az egyik legfontosabb, m\u00e9gis sokszor al\u00e1becs\u00fclt vizsg\u00e1lat a megel\u0151z\u00e9sben \u00e9s a diagnosztik\u00e1ban.<\/p>\r\n  <\/div>\r\n\r\n  <div class=\"quote-box\">\r\n    \u201eA k\u00e9palkot\u00f3 vizsg\u00e1latok nemcsak a diagn\u00f3zisr\u00f3l sz\u00f3lnak, hanem arr\u00f3l is, hogy emberk\u00e9nt tal\u00e1lkozunk a p\u00e1ciensekkel.\u201d\r\n  <\/div>\r\n\r\n  <style>\r\n.article-container{\r\n  max-width: 920px;\r\n  margin: 0 auto;\r\n  font-family: \"Montserrat\", Arial, sans-serif;\r\n  line-height: 1.8;\r\n  color: #333333;\r\n}\r\n\r\n.article-container h1{\r\n  font-size: 38px;\r\n  margin-bottom: 16px;\r\n  color: #1f1f1f;\r\n}\r\n\r\n.article-container .lead{\r\n  font-size: 18px;\r\n  color: #4a4a4a;\r\n  margin-bottom: 24px;\r\n}\r\n\r\n.article-container h2{\r\n  margin-top: 70px;\r\n  margin-bottom: 18px;\r\n  font-size: 28px;\r\n  color: #1f1f1f;\r\n  border-bottom: 2px solid #e8e8e8;\r\n  padding-bottom: 10px;\r\n}\r\n\r\n.article-container h3{\r\n  margin-top: 34px;\r\n  margin-bottom: 10px;\r\n  font-size: 21px;\r\n  color: #1f1f1f;\r\n}\r\n\r\n.article-container p{\r\n  margin: 14px 0;\r\n  font-size: 16px;\r\n}\r\n\r\n.quote-box{\r\n  background: #f7f9fc;\r\n  border-left: 4px solid #2c7be5;\r\n  padding: 24px;\r\n  margin: 34px 0;\r\n  font-size: 18px;\r\n  font-style: italic;\r\n  color: #2c2c2c;\r\n}\r\n\r\n.highlight-box{\r\n  background: #f4f8ff;\r\n  border: 1px solid #d8e5ff;\r\n  border-radius: 8px;\r\n  padding: 28px;\r\n  margin: 42px 0;\r\n}\r\n\r\n.section-divider{\r\n  margin: 60px 0 30px 0;\r\n  border-top: 1px solid #e6e6e6;\r\n}\r\n\r\n.intro-box{\r\n  background: #fafafa;\r\n  border: 1px solid #ececec;\r\n  border-radius: 8px;\r\n  padding: 24px;\r\n  margin: 26px 0 34px 0;\r\n}\r\n\r\n.cta-row{\r\n  display:flex;\r\n  flex-wrap:wrap;\r\n  gap:14px;\r\n  margin: 28px 0 36px 0;\r\n}\r\n\r\n.cta-button{\r\n  display:inline-block;\r\n  padding:14px 22px;\r\n  border-radius:8px;\r\n  text-decoration:none;\r\n  font-weight:600;\r\n  font-size:15px;\r\n  transition:all 0.2s ease;\r\n}\r\n\r\n.cta-primary{\r\n  background:#2c7be5;\r\n  color:#ffffff;\r\n}\r\n\r\n.cta-primary:hover{\r\n  background:#1f68ca;\r\n  color:#ffffff;\r\n}\r\n\r\n.cta-secondary{\r\n  background:#f4f6f8;\r\n  color:#1f1f1f;\r\n  border:1px solid #d9dfe6;\r\n}\r\n\r\n.cta-secondary:hover{\r\n  background:#e9eef3;\r\n  color:#1f1f1f;\r\n}\r\n\r\n.cta-note{\r\n  font-size:15px;\r\n  color:#5a5a5a;\r\n  margin-top:-10px;\r\n  margin-bottom:10px;\r\n}\r\n<\/style>\r\n\r\n<div class=\"article-container\">\r\n\r\n \r\n \r\n  <\/div>\r\n\r\n  <p class=\"cta-note\">Ha sz\u00edvesen olvasna t\u00f6bbet Dr. Incze Zsuzs\u00e1r\u00f3l, vagy id\u0151pontot foglalna hozz\u00e1, itt egyszer\u0171en megteheti:<\/p>\r\n\r\n  <div class=\"cta-row\">\r\n    <a class=\"cta-button cta-secondary\" href=\"https:\/\/coordimed.hu\/index.php\/dr-incze-zsuzsa\/\" target=\"_blank\" rel=\"noopener\">\r\n      Tov\u00e1bb olvasok r\u00f3la\r\n    <\/a>\r\n    <a class=\"cta-button cta-primary\" href=\"https:\/\/idopont.coordimed.hu\/doctors?specializationId=10101464&amp;doctorId=458836\" target=\"_blank\" rel=\"noopener\">\r\n      Id\u0151pontot foglalok hozz\u00e1\r\n    <\/a>\r\n  <\/div>\r\n\r\n  \r\n\r\n  <!-- IDE J\u00d6N TOV\u00c1BB A CIKK T\u00d6BBI R\u00c9SZE -->\r\n\r\n<\/div>\r\n\r\n  <h3>Mi\u00e9rt v\u00e1lasztotta a radiol\u00f3gi\u00e1t? Mi volt az a pont, amikor eld\u00f6nt\u00f6tte, hogy ezzel szeretne foglalkozni?<\/h3>\r\n\r\n  <p>Vizu\u00e1lis be\u00e1ll\u00edtotts\u00e1g\u00fa ember vagyok, ez\u00e9rt sz\u00e1momra nagyon term\u00e9szetes m\u00f3don \u00e1ll \u00f6ssze gondolatban a k\u00e9panyag elemz\u00e9se sor\u00e1n a p\u00e1ciens mint eg\u00e9sz, illetve maga az adott komplex diagnosztikai probl\u00e9ma is. A radiol\u00f3gi\u00e1ban \u00e9ppen ezt szerettem meg nagyon hamar: azt, hogy a k\u00e9pek m\u00f6g\u00f6tt mindig egy teljes t\u00f6rt\u00e9net, egy \u00f6sszetett orvosi k\u00e9rd\u00e9s \u00e1ll, amelyet \u00e9rtelmezni kell.<\/p>\r\n\r\n  <p>Az orvosi egyetemi k\u00e9pz\u00e9s sor\u00e1n d\u00f6nt\u00f6ttem a radiol\u00f3gia mellett, amikor negyed\u00e9ves gyakorlat alatt el\u0151sz\u00f6r tal\u00e1lkoztam m\u00e9lyebben ezzel a szakir\u00e1nnyal. Akkor \u00e9reztem el\u0151sz\u00f6r igaz\u00e1n, hogy ez az a ter\u00fclet, ahol a vizu\u00e1lis gondolkod\u00e1s, az elemz\u0151 szeml\u00e9let \u00e9s az orvosi logika a legjobban \u00f6ssze\u00e9r bennem.<\/p>\r\n\r\n  <h3>Mit szeret legjobban a radiol\u00f3gus szakm\u00e1ban?<\/h3>\r\n\r\n  <p>Azt, hogy a vizu\u00e1lis be\u00e1ll\u00edtotts\u00e1gomat \u00e9s a k\u00e9pzel\u0151er\u0151met k\u00f6zvetlen\u00fcl tudom hasznos\u00edtani a diagnosztik\u00e1ban. A radiol\u00f3gia szeml\u00e9lete sok szempontb\u00f3l m\u00e1s, mint a klasszikus klinikai szakm\u00e1k\u00e9: itt a k\u00e9pekb\u0151l, az \u00f6sszef\u00fcgg\u00e9sekb\u0151l, a finom r\u00e9szletekb\u0151l kell fel\u00e9p\u00edteni egy teljes orvosi gondolatmenetet.<\/p>\r\n\r\n  <p>Azt is nagyon szeretem benne, hogy szinte minden r\u00e9gi\u00f3hoz \u00e9s szakter\u00fclethez kell legal\u00e1bb alapszinten \u00e9rteni. Egy radiol\u00f3gusnak nagyon sz\u00e9les l\u00e1t\u00f3k\u00f6rrel kell rendelkeznie, hiszen b\u00e1rmely vizsg\u00e1lat sor\u00e1n felmer\u00fclhet olyan elt\u00e9r\u00e9s, amely m\u00e1s szervrendszert vagy m\u00e1s szakter\u00fcletet \u00e9rint. Emellett a radiol\u00f3gia rendk\u00edv\u00fcl dinamikusan fejl\u0151d\u0151 ter\u00fclet: a vizsg\u00e1l\u00f3technik\u00e1k folyamatosan v\u00e1ltoznak, \u00faj lehet\u0151s\u00e9gek jelennek meg, \u00e9s ez szakmailag nagyon inspir\u00e1l\u00f3.<\/p>\r\n\r\n  <h3>Van olyan pillanat a munk\u00e1j\u00e1ban, amikor igaz\u00e1n \u00e9rzi, hogy \u201eez\u00e9rt \u00e9rdemes csin\u00e1lni\u201d?<\/h3>\r\n\r\n  <p>Igen, t\u00f6bb ilyen pillanat is van. Az egyik, amikor egy k\u00e9palkot\u00f3 vizsg\u00e1lat sor\u00e1n felmer\u00fcl egy ritk\u00e1bb vagy k\u00fcl\u00f6nlegesebb diagn\u00f3zis lehet\u0151s\u00e9ge, \u00e9s k\u00e9s\u0151bb a klinikai vizsg\u00e1latok vagy ak\u00e1r a m\u0171t\u00e9ti eredm\u00e9nyek visszaigazolj\u00e1k, hogy val\u00f3ban helyesen gondoltuk. Ilyenkor az ember nagyon er\u0151sen \u00e9rzi, hogy a radiol\u00f3gia mennyire fontos szerepet j\u00e1tszik a betegell\u00e1t\u00e1sban.<\/p>\r\n\r\n  <p>A m\u00e1sik ilyen \u00e9lm\u00e9ny sz\u00e1momra az ultrahangvizsg\u00e1latokhoz kapcsol\u00f3dik. Ott lehet\u0151s\u00e9g\u00fcnk van szem\u00e9lyesen tal\u00e1lkozni a p\u00e1ciensekkel, besz\u00e9lgetni vel\u00fck, \u00e9s sokszor l\u00e1tom, hogy egy r\u00f6vid, nyugodt, emberi hang\u00fa besz\u00e9lget\u00e9s mennyit seg\u00edt abban, hogy valaki kev\u00e9sb\u00e9 f\u00e9lve, nyugodtabban \u00e9lje meg a vizsg\u00e1latot. Ezek a tal\u00e1lkoz\u00e1sok ugyan\u00fagy eml\u00e9keztetnek arra, mi\u00e9rt \u00e9rdemes ezt a hivat\u00e1st v\u00e1lasztani.<\/p>\r\n\r\n  <h3>Mi volt a legnagyobb szakmai kih\u00edv\u00e1s, amellyel radiol\u00f3gusk\u00e9nt tal\u00e1lkozott?<\/h3>\r\n\r\n  <p>Tal\u00e1n az egyik legnagyobb szakmai kih\u00edv\u00e1s az volt, amikor fiatal szakorvosk\u00e9nt el\u0151sz\u00f6r \u00e9reztem igaz\u00e1n az \u00f6n\u00e1ll\u00f3 d\u00f6nt\u00e9sek felel\u0151ss\u00e9g\u00e9t. A radiol\u00f3gi\u00e1ban sokszor egy k\u00e9p vagy egy apr\u00f3 elt\u00e9r\u00e9s alapj\u00e1n kell olyan v\u00e9lem\u00e9nyt mondani, amely k\u00e9s\u0151bb a beteg teljes kivizsg\u00e1l\u00e1s\u00e1t vagy kezel\u00e9s\u00e9t is befoly\u00e1solhatja.<\/p>\r\n\r\n  <p>Meg kellett tanulnom b\u00edzni a tud\u00e1somban, ugyanakkor nyitottnak maradni arra is, hogy ha sz\u00fcks\u00e9ges, megbesz\u00e9ljem az esetet koll\u00e9g\u00e1kkal. Ez a felel\u0151ss\u00e9g eleinte kih\u00edv\u00e1s volt, de k\u00f6zben pontosan ez az, ami szakmailag folyamatos fejl\u0151d\u00e9sre \u00f6szt\u00f6n\u00f6z.<\/p>\r\n\r\n  <h3>Van olyan eset vagy t\u00f6rt\u00e9net, amely k\u00fcl\u00f6n\u00f6sen megmaradt \u00d6nben radiol\u00f3gusk\u00e9nt?<\/h3>\r\n\r\n  <p>Ultrahangvizsg\u00e1lat k\u00f6zben gyakran besz\u00e9lgetek a p\u00e1ciensekkel, mert \u00fagy tapasztalom, hogy ez seg\u00edt oldani a vizsg\u00e1lattal j\u00e1r\u00f3 fesz\u00fclts\u00e9get. Nemr\u00e9g p\u00e9ld\u00e1ul egy id\u0151sebb h\u00f6lgy j\u00e1rt n\u00e1lam s\u00fcrg\u0151s ultrahangvizsg\u00e1laton, \u00e9s meglehet\u0151sen izgult. M\u00e9lyv\u00e9n\u00e1s tromb\u00f3zis lehet\u0151s\u00e9g\u00e9t kellett kiz\u00e1rni, \u0151 pedig k\u00f6zben mes\u00e9lte, hogy nem is \u00e9rti, hogyan t\u00f6rt\u00e9nhetett volna ilyen, hiszen rendszeresen fut.<\/p>\r\n\r\n  <p>Ezen a ponton a sportol\u00e1s t\u00e9m\u00e1j\u00e1ban tudtunk kapcsol\u00f3dni. Ahogy besz\u00e9lt r\u00f3la, teljesen felold\u00f3dott. A vizsg\u00e1lat szerencs\u00e9re negat\u00edv eredm\u00e9nnyel z\u00e1rult, majd a h\u00f6lgy viccesen, mosolyogva megjegyezte, hogy musz\u00e1j \u201emegmaradnia\u201d, hiszen most fogadott \u00f6r\u00f6kbe egy kiskuty\u00e1t.<\/p>\r\n\r\n  <p>Ilyenkor mindig eszembe jut, hogy a k\u00e9palkot\u00f3 vizsg\u00e1latok nemcsak a diagn\u00f3zisr\u00f3l sz\u00f3lnak, hanem arr\u00f3l is, hogy emberk\u00e9nt tal\u00e1lkozunk a p\u00e1ciensekkel. Sokszor egy vizsg\u00e1lat nemcsak inform\u00e1ci\u00f3t ad, hanem megnyugv\u00e1st is.<\/p>\r\n\r\n  <h3>Mit csin\u00e1l sz\u00edvesen a munk\u00e1n k\u00edv\u00fcl, ami seg\u00edt kikapcsolni?<\/h3>\r\n\r\n  <p>D\u00e9lut\u00e1njaim nagy r\u00e9sz\u00e9t a sport t\u00f6lti ki, arra mindenk\u00e9ppen igyekszem id\u0151t szak\u00edtani. Hetente t\u00f6bbsz\u00f6r v\u00e9gzek er\u0151nl\u00e9ti edz\u00e9seket konditeremben, emellett j\u00f3 id\u0151ben gyakran biciklizek, rosszabb id\u0151ben pedig spinning \u00f3r\u00e1kra j\u00e1rok. Nemr\u00e9g \u00fajra elkezdtem rendszeresen \u00faszni is.<\/p>\r\n\r\n  <p>Sz\u00e1momra a mozg\u00e1s nemcsak kikapcsol\u00f3d\u00e1s, hanem egyfajta egyens\u00faly is a mindennapi munka mellett. Emellett, ha id\u0151m engedi, szeretek s\u00e9t\u00e1lni, olvasni \u00e9s kreat\u00edv dolgokkal foglalkozni is.<\/p>\r\n\r\n  <div class=\"section-divider\"><\/div>\r\n\r\n  <h2>A radiol\u00f3gia szerepe a diagnosztik\u00e1ban<\/h2>\r\n\r\n  <h3>Sokan \u00fagy gondolj\u00e1k, hogy a radiol\u00f3gus \u201ecsak k\u00e9peket n\u00e9z\u201d. Val\u00f3j\u00e1ban milyen szerepet t\u00f6lt be a radiol\u00f3gus a diagnosztik\u00e1ban?<\/h3>\r\n\r\n  <p>A \u201ek\u00e9pek n\u00e9zeget\u00e9se\u201d val\u00f3j\u00e1ban nagyon \u00f6sszetett feladat. Fontos \u00e9rteni az \u00f6sszef\u00fcgg\u00e9seket, \u00e9s valamennyire minden szakter\u00fclethez \u00e9rteni kell, hiszen egy-egy vizsg\u00e1lat sor\u00e1n gyakorlatilag b\u00e1rmilyen elt\u00e9r\u00e9s vagy k\u00f3rk\u00e9p el\u0151fordulhat. Nem el\u00e9g valamit \u00e9szrevenni: tudni kell \u00e9rtelmezni is, hogy annak mi a jelent\u0151s\u00e9ge, mennyire s\u00fcrg\u0151s, \u00e9s merre \u00e9rdemes tov\u00e1bbindulni a kivizsg\u00e1l\u00e1sban.<\/p>\r\n\r\n  <p>A radiol\u00f3gia diagnosztikai szakma, ez\u00e9rt egyfajta \u00f6sszek\u00f6t\u0151 szerepet t\u00f6lt be a p\u00e1ciens \u00e9s a klinikus orvosok, illetve a k\u00fcl\u00f6nb\u00f6z\u0151 szakter\u00fcletek k\u00f6z\u00f6tt. A radiol\u00f3gus sok esetben nemcsak le\u00edrja a l\u00e1tottakat, hanem seg\u00edt abban is, hogy milyen tov\u00e1bbi vizsg\u00e1latok vagy szakrendel\u00e9sek fel\u00e9 \u00e9rdemes tov\u00e1bbmenni.<\/p>\r\n\r\n  <h3>Mit jelent az, hogy egy radiol\u00f3gus \u201etapasztalt\u201d? Mennyire sz\u00e1m\u00edt a gyakorlat a k\u00e9pek \u00e9rtelmez\u00e9s\u00e9ben?<\/h3>\r\n\r\n  <p>\u00dagy gondolom, egy radiol\u00f3gus ann\u00e1l tapasztaltabb, min\u00e9l t\u00f6bb esettel foglalkozott m\u00e1r: egyr\u00e9szt darabsz\u00e1mra \u00e9rtve, m\u00e1sr\u00e9szt aszerint is, hogy mennyire sz\u00e9les betegs\u00e9gi spektrummal tal\u00e1lkozik a mindennapi munk\u00e1ja sor\u00e1n. A tapasztalat term\u00e9szetesen r\u00e9szben az \u00e9vekkel n\u0151, de legal\u00e1bb ennyire sz\u00e1m\u00edt az is, hogy valaki milyen int\u00e9zm\u00e9nyben, milyen betegforgalom mellett dolgozik.<\/p>\r\n\r\n  <p>Ebb\u0151l a szempontb\u00f3l szerencs\u00e9snek mondhatom magam, hiszen egy nagy betegforgalm\u00fa, orsz\u00e1gos centrumokat is ell\u00e1t\u00f3 klinik\u00e1n dolgozom a mindennapokban, ahol k\u00fcl\u00f6nlegesebb esetekkel is tal\u00e1lkozunk. \u00cdgy b\u00e1r a fiatalabb radiol\u00f3gus gener\u00e1ci\u00f3hoz tartozom, nagyon sokf\u00e9le k\u00f3rk\u00e9pet l\u00e1ttam m\u00e1r.<\/p>\r\n\r\n  <div class=\"quote-box\">\r\n    \u201eAz ultrahang egyik legnagyobb el\u0151nye, hogy a radiol\u00f3gus k\u00f6zvetlen\u00fcl is tal\u00e1lkozik a p\u00e1cienssel, \u00e9s a k\u00e9pek mellett a panaszokat is megismerheti.\u201d\r\n  <\/div>\r\n\r\n  <h3>Mennyire fontos az, hogy a radiol\u00f3gus ismerje a p\u00e1ciens panaszait \u00e9s el\u0151zm\u00e9nyeit a vizsg\u00e1lat el\u0151tt?<\/h3>\r\n\r\n  <p>Nagyon fontos. Ahogy kor\u00e1bban is sz\u00f3 volt r\u00f3la, a radiol\u00f3gus nem egyszer\u0171en csak k\u00e9peket n\u00e9z. Ahhoz, hogy egy esetet megfelel\u0151 differenci\u00e1ldiagnosztikai gondolatmenet ment\u00e9n lehessen feldolgozni, sz\u00fcks\u00e9g van a megfelel\u0151 anamn\u00e9zisre is. Sokszor ez a beutal\u00f3 orvos \u00e1ltal \u00edrt k\u00e9r\u0151lapon d\u0151l el, de az ultrahangvizsg\u00e1latnak \u00e9ppen az az egyik nagy el\u0151nye, hogy ott mi radiol\u00f3gusok is szem\u00e9lyesen tal\u00e1lkozunk a p\u00e1cienssel, \u00e9s besz\u00e9lgetni tudunk a panaszokr\u00f3l, k\u00f3rel\u0151zm\u00e9nyr\u0151l.<\/p>\r\n\r\n  <h3>Hogyan m\u0171k\u00f6dik egy\u00fctt a radiol\u00f3gia m\u00e1s szakter\u00fcletekkel, p\u00e9ld\u00e1ul kardiol\u00f3gi\u00e1val vagy urol\u00f3gi\u00e1val?<\/h3>\r\n\r\n  <p>A p\u00e1cienssel els\u0151dlegesen a klinikus koll\u00e9g\u00e1k \u00e1llnak kapcsolatban: \u0151k vizsg\u00e1lj\u00e1k fizik\u00e1lisan, \u0151k t\u00e9rk\u00e9pezik fel az anamn\u00e9zist, \u00e9s a saj\u00e1t szakter\u00fclet\u00fcknek megfelel\u0151en kialak\u00edtanak egy differenci\u00e1ldiagnosztikai list\u00e1t. Ezt k\u00f6vet\u0151en k\u00f6z\u00f6sen lehet meghat\u00e1rozni, hogy milyen k\u00e9palkot\u00f3 vizsg\u00e1lati m\u00f3dszerrel juthatunk legnagyobb val\u00f3sz\u00edn\u0171s\u00e9ggel a legpontosabb diagn\u00f3zishoz.<\/p>\r\n\r\n  <p>A vizsg\u00e1lat ut\u00e1n a p\u00e1ciens kezel\u00e9se ism\u00e9t a klinikus koll\u00e9g\u00e1k kez\u00e9ben van, a radiol\u00f3gus pedig a kontrollok sor\u00e1n k\u00f6vetheti a betegutat, \u00e9s visszajelz\u00e9st tud adni arr\u00f3l, hogy az adott kezel\u00e9s mennyire volt hat\u00e1sos. Ez val\u00f3di csapatmunka.<\/p>\r\n\r\n  <h3>Mennyire fejl\u0151d\u00f6tt a k\u00e9palkot\u00f3 diagnosztika az elm\u00falt 10\u201320 \u00e9vben?<\/h3>\r\n\r\n  <p>\u00d3ri\u00e1sit fejl\u0151d\u00f6tt. A CT- \u00e9s r\u00f6ntgenvizsg\u00e1latok eset\u00e9ben egyre alacsonyabb d\u00f3zisokkal tudunk felv\u00e9teleket k\u00e9sz\u00edteni, mik\u00f6zben a k\u00e9pmin\u0151s\u00e9g \u00e9s a r\u00e9szletgazdags\u00e1g folyamatosan javul. Emellett \u00faj technik\u00e1k is megjelentek \u2013 p\u00e9ld\u00e1ul a dual energy \u00e9s a photon counting CT-k \u2013, amelyekkel m\u00e9g t\u00f6bb inform\u00e1ci\u00f3 nyerhet\u0151 a sz\u00f6vetekr\u0151l.<\/p>\r\n\r\n  <p>A vizsg\u00e1lati id\u0151k r\u00f6videbbek, a felbont\u00e1s jobb, \u00e9s a technol\u00f3gia \u00f6sszess\u00e9g\u00e9ben sokkal t\u00f6bbet tud, mint ak\u00e1r egy-k\u00e9t \u00e9vtizeddel ezel\u0151tt. Ez a gyakorlatban azt jelenti, hogy ma sok esetben pontosabban, gyorsabban \u00e9s kor\u00e1bban tudunk diagn\u00f3zist fel\u00e1ll\u00edtani.<\/p>\r\n\r\n  <h3>Melyek azok a betegs\u00e9gek, amelyeket ma sokkal kor\u00e1bban lehet felismerni, mint kor\u00e1bban?<\/h3>\r\n\r\n  <p>A k\u00e9palkot\u00f3 diagnosztika fejl\u0151d\u00e9se miatt ma gyakorlatilag nagyon sok betegs\u00e9get hamarabb lehet felismerni, mint kor\u00e1bban. Ez k\u00fcl\u00f6n\u00f6sen igaz a daganatos betegs\u00e9gek egy r\u00e9sz\u00e9re, bizonyos \u00e9rrendszeri elt\u00e9r\u00e9sekre, hasi szervi elv\u00e1ltoz\u00e1sokra, pajzsmirigy-k\u00f3rk\u00e9pekre vagy ak\u00e1r olyan kism\u00e9ret\u0171 elt\u00e9r\u00e9sekre, amelyek kor\u00e1bban m\u00e9g rejtve maradtak volna.<\/p>\r\n\r\n  <p>A korai felismer\u00e9s az\u00e9rt k\u00fcl\u00f6n\u00f6sen fontos, mert sok esetben jobb kezel\u00e9si lehet\u0151s\u00e9geket \u00e9s jobb kimenetelt jelent a beteg sz\u00e1m\u00e1ra.<\/p>\r\n\r\n  <div class=\"section-divider\"><\/div>\r\n\r\n  <h2>Mit mutathat meg az ultrahang?<\/h2>\r\n\r\n  <h3>Mi az a leggyakoribb f\u00e9lre\u00e9rt\u00e9s, amivel a p\u00e1ciensek tal\u00e1lkoznak az ultrahang vagy k\u00e9palkot\u00f3 vizsg\u00e1latok kapcs\u00e1n?<\/h3>\r\n\r\n  <p>Sokan tartanak a sug\u00e1rterhel\u00e9st\u0151l, azonban fontos tudni, hogy a mai korszer\u0171 CT- \u00e9s r\u00f6ntgenberendez\u00e9sekkel nagyon alacsony d\u00f3zisok mellett dolgozunk. Mi radiol\u00f3gusok szigor\u00fa protokollok \u00e9s az az elv alapj\u00e1n tervezz\u00fck a vizsg\u00e1latokat, hogy az azzal j\u00e1r\u00f3 sug\u00e1rterhel\u00e9s \u00e9s a diagnosztikus nyeres\u00e9g egyens\u00falyban legyen.<\/p>\r\n\r\n  <p>Arr\u00f3l nem is besz\u00e9lve, hogy az ultrahang \u00e9s az MR vizsg\u00e1latok egy\u00e1ltal\u00e1n nem j\u00e1rnak r\u00f6ntgensug\u00e1rz\u00e1ssal. Az intrav\u00e9n\u00e1s kontrasztanyagokkal szemben is gyakran tal\u00e1lkozunk fenntart\u00e1sokkal. Ezek eset\u00e9ben b\u00e1rmif\u00e9le mell\u00e9khat\u00e1s kialakul\u00e1s\u00e1nak es\u00e9lye kevesebb mint 1%, a val\u00f3di allergi\u00e1s reakci\u00f3k pedig enn\u00e9l is j\u00f3val ritk\u00e1bbak, k\u00f6r\u00fclbel\u00fcl 0,05% k\u00f6r\u00fcliek. Ha m\u00e9gis b\u00e1rmilyen probl\u00e9ma ad\u00f3dna, k\u00f3rh\u00e1zi k\u00f6rnyezetben azonnal el\u00e9rhet\u0151 a szakszer\u0171 seg\u00edts\u00e9g.<\/p>\r\n\r\n  <p>Mindemellett a kontrasztanyagoknak nagyon fontos szerep\u00fck van abban, hogy a nat\u00edv vizsg\u00e1latokon esetleg \u00e9szrev\u00e9tlen elt\u00e9r\u00e9sek is l\u00e1that\u00f3v\u00e1 v\u00e1ljanak.<\/p>\r\n\r\n  <h3>Milyen betegs\u00e9gek felismer\u00e9s\u00e9ben j\u00e1tszik kulcsszerepet az ultrahangvizsg\u00e1lat?<\/h3>\r\n\r\n  <p>A vizsg\u00e1lati r\u00e9gi\u00f3t\u00f3l f\u00fcgg\u0151en az ultrahang nagyon sz\u00e9les k\u00f6rben alkalmazhat\u00f3 els\u0151 vonalbeli k\u00e9palkot\u00f3 m\u00f3dszerk\u00e9nt. A nyaki r\u00e9gi\u00f3ban els\u0151dleges vizsg\u00e1lati m\u00f3dszer a pajzsmirigy k\u00f3rk\u00e9peiben, de fontos szerepet t\u00f6lt be a nyirokcsom\u00f3st\u00e1tusz, a nagyobb ny\u00e1lmirigyek, valamint a nyaki ver\u0151erek vizsg\u00e1lat\u00e1ban is.<\/p>\r\n\r\n  <p>A has-kismedence r\u00e9gi\u00f3ban els\u0151sorban a parenchym\u00e1s szervek l\u00e1that\u00f3k j\u00f3l ultrahanggal. Emellett gyors diagnosztikus megold\u00e1st jelenthet s\u00fcrg\u0151ss\u00e9gi k\u00f3rk\u00e9pekben is, p\u00e9ld\u00e1ul m\u00e9lyv\u00e9n\u00e1s tromb\u00f3zis kiz\u00e1r\u00e1s\u00e1ban vagy vakb\u00e9lgyullad\u00e1s vizsg\u00e1lat\u00e1ban.<\/p>\r\n\r\n  <h3>Van olyan betegs\u00e9g, amelyet sokszor v\u00e9letlen\u00fcl fedeznek fel ultrahang sor\u00e1n?<\/h3>\r\n\r\n  <p>Igen, sz\u00e1mos, sokszor teljesen t\u00fcnetmentes elt\u00e9r\u00e9sre der\u00fclhet f\u00e9ny ultrahangvizsg\u00e1lat sor\u00e1n. Ilyenek p\u00e9ld\u00e1ul olyan pajzsmirigyg\u00f6b\u00f6k, amelyek hormont nem termelnek, teh\u00e1t t\u00fcnetet sem okoznak, ugyanakkor a pontos meg\u00edt\u00e9l\u00e9s\u00fck fontos, mert bizonyos esetekben felmer\u00fclhet rosszindulat\u00fa folyamat lehet\u0151s\u00e9ge is.<\/p>\r\n\r\n  <p>Gyakran l\u00e1tunk m\u00e1jelzs\u00edrosod\u00e1st is, amely ebben a st\u00e1diumban m\u00e9g visszaford\u00edthat\u00f3 lehet. Szint\u00e9n sokszor der\u00fcl f\u00e9ny vese- vagy epek\u00f6vek jelenl\u00e9t\u00e9re, amelyek k\u00e9s\u0151bb ak\u00e1r akut hasi panaszokat is okozhatnak. Az ultrahang egyik nagy \u00e9rt\u00e9ke \u00e9ppen az, hogy olyan elt\u00e9r\u00e9sekre is r\u00e1mutathat, amelyekkel m\u00e9g id\u0151ben lehet foglalkozni.<\/p>\r\n\r\n  <h3>Melyek azok a t\u00fcnetek, amikor mindenk\u00e9ppen \u00e9rdemes ultrahangvizsg\u00e1latot k\u00e9rni?<\/h3>\r\n\r\n  <p>Ez val\u00f3ban nagyon szerte\u00e1gaz\u00f3 k\u00e9rd\u00e9s, amelyet hosszan lehetne r\u00e9szletezni. Nagyvonalakban \u00f6sszefoglalva minden olyan f\u00e1jdalom vagy kellemetlen panasz eset\u00e9n \u00e9rdemes ultrahangra gondolni, amely nem m\u00falik el id\u0151vel, visszat\u00e9r, vagy romlik. Ugyancsak fontos kivizsg\u00e1lni minden \u00fajonnan tapinthat\u00f3 elv\u00e1ltoz\u00e1st, n\u00f6ved\u00e9ket vagy duzzanatot.<\/p>\r\n\r\n  <h3>Mi a k\u00fcl\u00f6nbs\u00e9g a sz\u0171r\u0151vizsg\u00e1lat \u00e9s a panasz miatt v\u00e9gzett ultrahang k\u00f6z\u00f6tt?<\/h3>\r\n\r\n  <p>Sz\u0171r\u0151vizsg\u00e1latot v\u00e9gezhet\u00fcnk ak\u00e1r a p\u00e1ciens saj\u00e1t ind\u00edttat\u00e1s\u00e1b\u00f3l, ak\u00e1r bizonyos demogr\u00e1fiai vagy kock\u00e1zati csoportba tartoz\u00e1s alapj\u00e1n. Ennek c\u00e9lja, hogy olyan betegs\u00e9geket is felismerj\u00fcnk korai st\u00e1diumban, amelyek m\u00e9g nem okoznak t\u00fcnetet, \u00edgy jobb es\u00e9lyt adva a kezel\u00e9snek vagy a tov\u00e1bbi k\u00f6vet\u00e9snek.<\/p>\r\n\r\n  <p>Panasz eset\u00e9n m\u00e1r tudjuk, hogy valamilyen kisebb vagy nagyobb probl\u00e9ma \u00e1llhat fenn, \u00e9s ilyenkor a lehets\u00e9ges okok k\u00f6z\u00fcl pr\u00f3b\u00e1ljuk megtal\u00e1lni a val\u00f3di h\u00e1tt\u00e9rokot, hogy azt c\u00e9lzottan lehessen kezelni.<\/p>\r\n\r\n  <h3>Milyen gyakran javasolt \u00e1ltal\u00e1nos hasi ultrahangsz\u0171r\u00e9s eg\u00e9szs\u00e9ges emberek sz\u00e1m\u00e1ra?<\/h3>\r\n\r\n  <p>Egyszer mindenkinek \u00e9rdemes lehet egy t\u00e1j\u00e9koz\u00f3d\u00f3 ultrahangvizsg\u00e1lat a hasi st\u00e1tuszr\u00f3l. Ha ott azonnali teend\u0151t nem ig\u00e9nyl\u0151 elt\u00e9r\u00e9sre der\u00fcl f\u00e9ny, akkor 2 \u00e9vente \u00e9rdemes lehet kontroll\u00e1lni. \u00daj hasi panasz vagy laboreredm\u00e9ny-elt\u00e9r\u00e9s eset\u00e9n term\u00e9szetesen enn\u00e9l r\u00f6videbb id\u0151n bel\u00fcl is javasolt lehet \u00fajabb vizsg\u00e1lat.<\/p>\r\n\r\n  <h3>Mit tehet egy p\u00e1ciens az\u00e9rt, hogy a vizsg\u00e1lat min\u00e9l pontosabb legyen? Van-e felk\u00e9sz\u00fcl\u00e9si szab\u00e1ly?<\/h3>\r\n\r\n  <p>Has-kismedencei ultrahangvizsg\u00e1latn\u00e1l van n\u00e9h\u00e1ny olyan szab\u00e1ly, amely jelent\u0151sen seg\u00edti a diagnosztikus \u00e9rt\u00e9k\u0171 vizsg\u00e1latot. \u00c1ltal\u00e1ban azt javasoljuk, hogy a vizsg\u00e1lat el\u0151tt k\u00f6r\u00fclbel\u00fcl 4 \u00f3r\u00e1val a p\u00e1ciens m\u00e1r ne egyen, \u00e9s lehet\u0151leg ne fogyasszon kal\u00f3riatartalm\u00fa italt vagy k\u00e1v\u00e9t sem. Ezek hat\u00e1s\u00e1ra ugyanis a g\u00e1zos gyomor elfedheti p\u00e9ld\u00e1ul a hasny\u00e1lmirigyet, illetve a ki\u00fcr\u00fclt epeh\u00f3lyag is kev\u00e9sb\u00e9 \u00edt\u00e9lhet\u0151 meg.<\/p>\r\n\r\n  <p>\u00c9rdemes nem k\u00f6zvetlen\u00fcl a vizsg\u00e1lat el\u0151tt felkeresni az illemhelyet, mert a telt h\u00fagyh\u00f3lyag sz\u00fcks\u00e9ges lehet a kismedence jobb meg\u00edt\u00e9l\u00e9s\u00e9hez. M\u00e1s testt\u00e1jak ultrahangvizsg\u00e1lat\u00e1n\u00e1l \u00e1ltal\u00e1ban nincs k\u00fcl\u00f6n\u00f6sebb el\u0151k\u00e9sz\u00fcletre sz\u00fcks\u00e9g.<\/p>\r\n\r\n  <h3>Mit jelent az, hogy egy ultrahang \u201eoper\u00e1torf\u00fcgg\u0151\u201d vizsg\u00e1lat?<\/h3>\r\n\r\n  <p>Ez azt jelenti, hogy az eredm\u00e9ny r\u00e9szben att\u00f3l is f\u00fcgg, ki v\u00e9gzi a vizsg\u00e1latot. A gyakorlatban ez jellemz\u0151en kisebb elt\u00e9r\u00e9sekben jelentkezik, p\u00e9ld\u00e1ul a lem\u00e9rt m\u00e9retekben, vagy abban, hogy a teljesen j\u00f3indulat\u00fa, jelent\u00e9ktelen elt\u00e9r\u00e9seket ki hogyan eml\u00edti meg a leletben.<\/p>\r\n\r\n  <p>A k\u00fcl\u00f6nbs\u00e9gek ad\u00f3dhatnak a k\u00fcl\u00f6nb\u00f6z\u0151 ultrahangk\u00e9sz\u00fcl\u00e9kekb\u0151l, azok be\u00e1ll\u00edt\u00e1saib\u00f3l, illetve abb\u00f3l is, hogy a val\u00f3s idej\u0171 elemz\u00e9s alatt melyik orvos mit vesz \u00e9szre, mennyire rutinos, \u00e9s milyen klinikai tapasztalattal k\u00f6zel\u00edt az adott k\u00e9rd\u00e9shez.<\/p>\r\n\r\n  <h3>El\u0151fordul, hogy egy ultrahangvizsg\u00e1lat sor\u00e1n olyan probl\u00e9m\u00e1t tal\u00e1l, amely teljesen m\u00e1s szakter\u00fclethez tartozik?<\/h3>\r\n\r\n  <p>Igen, ez nagyon gyakran el\u0151fordul. Tulajdonk\u00e9ppen sok minden, amit a radiol\u00f3gus tal\u00e1l, a k\u00f6vetkez\u0151 l\u00e9p\u00e9sben m\u00e1r m\u00e1s szakter\u00fclethez tartozik tov\u00e1bb. \u00c9ppen ez mutatja j\u00f3l, hogy a radiol\u00f3gia mennyire k\u00f6zponti helyet foglal el a diagnosztikai folyamatban: egy k\u00e9palkot\u00f3 vizsg\u00e1lat sokszor ir\u00e1nyt mutat, hogy a p\u00e1ciensnek endokrinol\u00f3gushoz, urol\u00f3gushoz, kardiol\u00f3gushoz vagy m\u00e1s szakemberhez kell-e tov\u00e1bbmennie.<\/p>\r\n\r\n  <h3>Milyen szerepe lehet a radiol\u00f3gi\u00e1nak a megel\u0151z\u00e9sben?<\/h3>\r\n\r\n  <p>Nagyon fontos szerepe lehet. A radiol\u00f3gia \u00e9s k\u00fcl\u00f6n\u00f6sen az ultrahang abban seg\u00edthet, hogy olyan elt\u00e9r\u00e9sekre is id\u0151ben f\u00e9ny der\u00fclj\u00f6n, amelyek m\u00e9g nem okoznak panaszt. Ez k\u00fcl\u00f6n\u00f6sen \u00e9rt\u00e9kes a sz\u0171r\u0151vizsg\u00e1latok eset\u00e9ben, hiszen a korai felismer\u00e9s sokszor jelent\u0151sen jav\u00edtja a kezel\u00e9si lehet\u0151s\u00e9geket \u00e9s az eredm\u00e9nyeket is.<\/p>\r\n\r\n  <div class=\"highlight-box\">\r\n    <h3>Mit \u00fczenne a p\u00e1cienseinek?<\/h3>\r\n\r\n    <p><strong>Az ultrahang egy sug\u00e1rz\u00e1smentes \u00e9s f\u00e1jdalommentes vizsg\u00e1lat, amely gyorsan \u00e9s biztons\u00e1gosan tud fontos inform\u00e1ci\u00f3t adni a szervezet \u00e1llapot\u00e1r\u00f3l.<\/strong><\/p>\r\n\r\n    <p>\u00c9ppen ez\u00e9rt nem \u00e9rdemes halogatni, ha panasz jelentkezik, de sz\u0171r\u0151vizsg\u00e1latk\u00e9nt is ide\u00e1lis lehet be\u00e9p\u00edteni az eg\u00e9szs\u00e9gtudatos mindennapokba.<\/p>\r\n\r\n    <p>Azt \u00fczenn\u00e9m a p\u00e1cienseknek, hogy a k\u00e9palkot\u00f3 vizsg\u00e1latok c\u00e9lja nem az, hogy megijessz\u00fck \u0151ket, hanem hogy min\u00e9l pontosabb inform\u00e1ci\u00f3t adjunk az \u00e1llapotukr\u00f3l. Ezek a vizsg\u00e1latok seg\u00edtenek id\u0151ben felismerni betegs\u00e9geket, pontos\u00edtani a diagn\u00f3zist \u00e9s kiv\u00e1lasztani a legjobb kezel\u00e9st.<\/p>\r\n\r\n    <p>\u00c9rdemes k\u00e9rdezni, ha valami nem vil\u00e1gos, \u00e9s tudni, hogy minden vizsg\u00e1lat m\u00f6g\u00f6tt egy orvosi d\u00f6nt\u00e9s \u00e1ll, amelynek c\u00e9lja a beteg biztons\u00e1ga \u00e9s gy\u00f3gyul\u00e1sa.<\/p>\r\n  <\/div>\r\n\r\n  <p><strong>Dr. Incze Zsuzsa sz\u00e1m\u00e1ra a radiol\u00f3gia nemcsak magas szint\u0171 szakmai felk\u00e9sz\u00fclts\u00e9get, hanem figyelmet, emp\u00e1ti\u00e1t \u00e9s val\u00f3di betegk\u00f6zpont\u00fa szeml\u00e9letet is jelent.<\/strong> A modern k\u00e9palkot\u00f3 diagnosztika technikai h\u00e1ttere mellett tal\u00e1n \u00e9ppen ez az emberi hozz\u00e1\u00e1ll\u00e1s az, ami a legt\u00f6bbet adhatja a p\u00e1cienseknek.<\/p>\r\n\r\n<\/div>\r\n<style>\r\n.article-container{\r\n  max-width: 920px;\r\n  margin: 0 auto;\r\n  font-family: \"Montserrat\", Arial, sans-serif;\r\n  line-height: 1.8;\r\n  color: #333333;\r\n}\r\n\r\n.article-container h1{\r\n  font-size: 38px;\r\n  margin-bottom: 16px;\r\n  color: #1f1f1f;\r\n}\r\n\r\n.article-container .lead{\r\n  font-size: 18px;\r\n  color: #4a4a4a;\r\n  margin-bottom: 24px;\r\n}\r\n\r\n.article-container h2{\r\n  margin-top: 70px;\r\n  margin-bottom: 18px;\r\n  font-size: 28px;\r\n  color: #1f1f1f;\r\n  border-bottom: 2px solid #e8e8e8;\r\n  padding-bottom: 10px;\r\n}\r\n\r\n.article-container h3{\r\n  margin-top: 34px;\r\n  margin-bottom: 10px;\r\n  font-size: 21px;\r\n  color: #1f1f1f;\r\n}\r\n\r\n.article-container p{\r\n  margin: 14px 0;\r\n  font-size: 16px;\r\n}\r\n\r\n.quote-box{\r\n  background: #f7f9fc;\r\n  border-left: 4px solid #2c7be5;\r\n  padding: 24px;\r\n  margin: 34px 0;\r\n  font-size: 18px;\r\n  font-style: italic;\r\n  color: #2c2c2c;\r\n}\r\n\r\n.highlight-box{\r\n  background: #f4f8ff;\r\n  border: 1px solid #d8e5ff;\r\n  border-radius: 8px;\r\n  padding: 28px;\r\n  margin: 42px 0;\r\n}\r\n\r\n.section-divider{\r\n  margin: 60px 0 30px 0;\r\n  border-top: 1px solid #e6e6e6;\r\n}\r\n\r\n.intro-box{\r\n  background: #fafafa;\r\n  border: 1px solid #ececec;\r\n  border-radius: 8px;\r\n  padding: 24px;\r\n  margin: 26px 0 34px 0;\r\n}\r\n\r\n.cta-row{\r\n  display:flex;\r\n  flex-wrap:wrap;\r\n  gap:14px;\r\n  margin: 28px 0 36px 0;\r\n}\r\n\r\n.cta-button{\r\n  display:inline-block;\r\n  padding:14px 22px;\r\n  border-radius:8px;\r\n  text-decoration:none;\r\n  font-weight:600;\r\n  font-size:15px;\r\n  transition:all 0.2s ease;\r\n}\r\n\r\n.cta-primary{\r\n  background:#2c7be5;\r\n  color:#ffffff;\r\n}\r\n\r\n.cta-primary:hover{\r\n  background:#1f68ca;\r\n  color:#ffffff;\r\n}\r\n\r\n.cta-secondary{\r\n  background:#f4f6f8;\r\n  color:#1f1f1f;\r\n  border:1px solid #d9dfe6;\r\n}\r\n\r\n.cta-secondary:hover{\r\n  background:#e9eef3;\r\n  color:#1f1f1f;\r\n}\r\n\r\n.cta-note{\r\n  font-size:15px;\r\n  color:#5a5a5a;\r\n  margin-top:-10px;\r\n  margin-bottom:10px;\r\n}\r\n<\/style>\r\n\r\n<div class=\"article-container\">\r\n\r\n \r\n\r\n  <p class=\"cta-note\">Ha sz\u00edvesen olvasna t\u00f6bbet Dr. Incze Zsuzs\u00e1r\u00f3l, vagy id\u0151pontot foglalna hozz\u00e1, itt egyszer\u0171en megteheti:<\/p>\r\n\r\n  <div class=\"cta-row\">\r\n    <a class=\"cta-button cta-secondary\" href=\"https:\/\/coordimed.hu\/index.php\/dr-incze-zsuzsa\/\" target=\"_blank\" rel=\"noopener\">\r\n      Tov\u00e1bb olvasok r\u00f3la\r\n    <\/a>\r\n    <a class=\"cta-button cta-primary\" href=\"https:\/\/idopont.coordimed.hu\/doctors?specializationId=10101464&amp;doctorId=458836\" target=\"_blank\" rel=\"noopener\">\r\n      Id\u0151pontot foglalok hozz\u00e1\r\n    <\/a>\r\n  <\/div>\r\n\r\n  <div class=\"quote-box\">\r\n    \u201eA k\u00e9palkot\u00f3 vizsg\u00e1latok nemcsak a diagn\u00f3zisr\u00f3l sz\u00f3lnak, hanem arr\u00f3l is, hogy emberk\u00e9nt tal\u00e1lkozunk a p\u00e1ciensekkel.\u201d\r\n  <\/div>\r\n\r\n  <!-- IDE J\u00d6N TOV\u00c1BB A CIKK T\u00d6BBI R\u00c9SZE -->\r\n\r\n<\/div>\t\t\t\t<\/div>\n\t\t\t\t\t<\/div>\n\t\t\t\t<\/div>\n\t\t<div class=\"elementor-element elementor-element-d63c813 e-flex e-con-boxed e-con e-parent\" data-id=\"d63c813\" data-element_type=\"container\" data-e-type=\"container\" data-settings=\"{&quot;_ha_eqh_enable&quot;:false}\">\n\t\t\t\t\t<div class=\"e-con-inner\">\n\t\t\t\t<div class=\"elementor-element elementor-element-80ce7c8 elementor-widget-divider--view-line elementor-widget elementor-widget-divider\" data-id=\"80ce7c8\" data-element_type=\"widget\" data-e-type=\"widget\" data-widget_type=\"divider.default\">\n\t\t\t\t\t\t\t<div class=\"elementor-divider\">\n\t\t\t<span class=\"elementor-divider-separator\">\n\t\t\t\t\t\t<\/span>\n\t\t<\/div>\n\t\t\t\t\t\t<\/div>\n\t\t\t\t\t<\/div>\n\t\t\t\t<\/div>\n\t\t<div class=\"elementor-element elementor-element-769760d e-flex e-con-boxed e-con e-parent\" data-id=\"769760d\" data-element_type=\"container\" data-e-type=\"container\" data-settings=\"{&quot;_ha_eqh_enable&quot;:false}\">\n\t\t\t\t\t<div class=\"e-con-inner\">\n\t\t<div class=\"elementor-element elementor-element-d596474 e-con-full e-flex e-con e-child\" data-id=\"d596474\" data-element_type=\"container\" data-e-type=\"container\" data-settings=\"{&quot;_ha_eqh_enable&quot;:false}\">\n\t\t\t\t<div class=\"elementor-element elementor-element-5706d9c elementor-widget elementor-widget-button\" data-id=\"5706d9c\" data-element_type=\"widget\" data-e-type=\"widget\" data-widget_type=\"button.default\">\n\t\t\t\t\t\t\t\t\t\t<a class=\"elementor-button elementor-button-link elementor-size-sm\" href=\"https:\/\/coordimed.hu\/index.php\/rendelo\/belgyogyaszat\/\" target=\"_blank\">\n\t\t\t\t\t\t<span class=\"elementor-button-content-wrapper\">\n\t\t\t\t\t\t<span class=\"elementor-button-icon\">\n\t\t\t\t<i aria-hidden=\"true\" class=\"far fa-heart\"><\/i>\t\t\t<\/span>\n\t\t\t\t\t\t\t\t\t<span class=\"elementor-button-text\">Belgy\u00f3gy\u00e1szat oldal felkeres\u00e9se<\/span>\n\t\t\t\t\t<\/span>\n\t\t\t\t\t<\/a>\n\t\t\t\t\t\t\t\t<\/div>\n\t\t\t\t<\/div>\n\t\t<div class=\"elementor-element elementor-element-a4ad1a0 e-con-full e-flex e-con e-child\" data-id=\"a4ad1a0\" data-element_type=\"container\" data-e-type=\"container\" data-settings=\"{&quot;_ha_eqh_enable&quot;:false}\">\n\t\t\t\t<div class=\"elementor-element elementor-element-182a7c0 elementor-widget elementor-widget-button\" data-id=\"182a7c0\" data-element_type=\"widget\" data-e-type=\"widget\" data-widget_type=\"button.default\">\n\t\t\t\t\t\t\t\t\t\t<a class=\"elementor-button elementor-button-link elementor-size-sm\" href=\"https:\/\/coordimed.hu\/index.php\/rendelo\/kardiologia\/\" target=\"_blank\">\n\t\t\t\t\t\t<span class=\"elementor-button-content-wrapper\">\n\t\t\t\t\t\t<span class=\"elementor-button-icon\">\n\t\t\t\t<i aria-hidden=\"true\" class=\"far fa-heart\"><\/i>\t\t\t<\/span>\n\t\t\t\t\t\t\t\t\t<span class=\"elementor-button-text\">Kardiol\u00f3gia oldal felkeres\u00e9se<\/span>\n\t\t\t\t\t<\/span>\n\t\t\t\t\t<\/a>\n\t\t\t\t\t\t\t\t<\/div>\n\t\t\t\t<\/div>\n\t\t<div class=\"elementor-element elementor-element-d671d94 e-con-full e-flex e-con e-child\" data-id=\"d671d94\" data-element_type=\"container\" data-e-type=\"container\" data-settings=\"{&quot;_ha_eqh_enable&quot;:false}\">\n\t\t\t\t<div class=\"elementor-element elementor-element-e70fbc9 elementor-widget elementor-widget-button\" data-id=\"e70fbc9\" data-element_type=\"widget\" data-e-type=\"widget\" data-widget_type=\"button.default\">\n\t\t\t\t\t\t\t\t\t\t<a class=\"elementor-button elementor-button-link elementor-size-sm\" href=\"https:\/\/coordimed.hu\/index.php\/laboratoriumi-vizsgalatok\/\" target=\"_blank\">\n\t\t\t\t\t\t<span class=\"elementor-button-content-wrapper\">\n\t\t\t\t\t\t<span class=\"elementor-button-icon\">\n\t\t\t\t<i aria-hidden=\"true\" class=\"far fa-heart\"><\/i>\t\t\t<\/span>\n\t\t\t\t\t\t\t\t\t<span class=\"elementor-button-text\">Labor oldal felkeres\u00e9se<\/span>\n\t\t\t\t\t<\/span>\n\t\t\t\t\t<\/a>\n\t\t\t\t\t\t\t\t<\/div>\n\t\t\t\t<\/div>\n\t\t\t\t\t<\/div>\n\t\t\t\t<\/div>\n\t\t<div class=\"elementor-element elementor-element-be87c4a e-flex e-con-boxed e-con e-parent\" data-id=\"be87c4a\" data-element_type=\"container\" data-e-type=\"container\" data-settings=\"{&quot;_ha_eqh_enable&quot;:false}\">\n\t\t\t\t\t<div class=\"e-con-inner\">\n\t\t\t\t<div class=\"elementor-element elementor-element-a50c2b1 elementor-widget-divider--view-line elementor-widget elementor-widget-divider\" data-id=\"a50c2b1\" data-element_type=\"widget\" data-e-type=\"widget\" data-widget_type=\"divider.default\">\n\t\t\t\t\t\t\t<div class=\"elementor-divider\">\n\t\t\t<span class=\"elementor-divider-separator\">\n\t\t\t\t\t\t<\/span>\n\t\t<\/div>\n\t\t\t\t\t\t<\/div>\n\t\t\t\t\t<\/div>\n\t\t\t\t<\/div>\n\t\t<div class=\"elementor-element elementor-element-56d55fa0 e-flex e-con-boxed e-con e-parent\" data-id=\"56d55fa0\" data-element_type=\"container\" data-e-type=\"container\" data-settings=\"{&quot;_ha_eqh_enable&quot;:false}\">\n\t\t\t\t\t<div class=\"e-con-inner\">\n\t\t<div class=\"elementor-element elementor-element-79b2f20c e-con-full e-flex e-con e-child\" data-id=\"79b2f20c\" data-element_type=\"container\" data-e-type=\"container\" data-settings=\"{&quot;_ha_eqh_enable&quot;:false}\">\n\t\t<div class=\"elementor-element elementor-element-7ec45f6d e-con-full e-flex e-con e-child\" data-id=\"7ec45f6d\" data-element_type=\"container\" data-e-type=\"container\" data-settings=\"{&quot;_ha_eqh_enable&quot;:false}\">\n\t\t\t\t<div class=\"elementor-element elementor-element-21608ecc elementor-widget elementor-widget-google_maps\" data-id=\"21608ecc\" data-element_type=\"widget\" data-e-type=\"widget\" data-widget_type=\"google_maps.default\">\n\t\t\t\t\t\t\t<div class=\"elementor-custom-embed\">\n\t\t\t<iframe loading=\"lazy\"\n\t\t\t\t\tsrc=\"https:\/\/maps.google.com\/maps?q=1021%20Budapest%20V%C3%B6lgy%20utca%205%2Fa&#038;t=m&#038;z=10&#038;output=embed&#038;iwloc=near\"\n\t\t\t\t\ttitle=\"1021 Budapest V\u00f6lgy utca 5\/a\"\n\t\t\t\t\taria-label=\"1021 Budapest V\u00f6lgy utca 5\/a\"\n\t\t\t><\/iframe>\n\t\t<\/div>\n\t\t\t\t\t\t<\/div>\n\t\t\t\t<\/div>\n\t\t<div class=\"elementor-element elementor-element-1f06897a e-con-full e-flex e-con e-child\" data-id=\"1f06897a\" data-element_type=\"container\" data-e-type=\"container\">\n\t\t<div class=\"elementor-element elementor-element-30abf738 e-con-full e-flex e-con e-child\" data-id=\"30abf738\" data-element_type=\"container\" data-e-type=\"container\" data-settings=\"{&quot;_ha_eqh_enable&quot;:false}\">\n\t\t\t\t<div class=\"elementor-element elementor-element-2d5c48c elementor-widget__width-auto elementor-widget elementor-widget-heading\" data-id=\"2d5c48c\" data-element_type=\"widget\" data-e-type=\"widget\" data-widget_type=\"heading.default\">\n\t\t\t\t\t<h5 class=\"elementor-heading-title elementor-size-default\">\u00datvonal tervez\u0151:<\/h5>\t\t\t\t<\/div>\n\t\t<div class=\"elementor-element elementor-element-7d639a30 e-grid e-con-full e-con e-child\" data-id=\"7d639a30\" data-element_type=\"container\" data-e-type=\"container\" data-settings=\"{&quot;_ha_eqh_enable&quot;:false}\">\n\t\t\t\t<div class=\"elementor-element elementor-element-3d6248d8 elementor-view-framed ha-css-transform-yes elementor-shape-circle elementor-widget elementor-widget-icon\" data-id=\"3d6248d8\" data-element_type=\"widget\" data-e-type=\"widget\" data-widget_type=\"icon.default\">\n\t\t\t\t\t\t\t<div class=\"elementor-icon-wrapper\">\n\t\t\t<a class=\"elementor-icon\" href=\"https:\/\/www.google.com\/maps\/dir\/\/Coordimed+Rendel%C5%91,+Budapest,+V%C3%B6lgy+u.+5%2Fa,+1021\/@47.5329918,18.8974388,12z\/data=!3m1!4b1!4m9!4m8!1m0!1m5!1m1!1s0x4741df42866f0743:0x14a74cb411201e3f!2m2!1d18.9798393!2d47.5330213!3e3?entry=ttu&#038;g_ep=EgoyMDI0MDkwNC4wIKXMDSoASAFQAw%3D%3D\" target=\"_blank\">\n\t\t\t<i aria-hidden=\"true\" class=\"fas fa-walking\"><\/i>\t\t\t<\/a>\n\t\t<\/div>\n\t\t\t\t\t\t<\/div>\n\t\t\t\t<div class=\"elementor-element elementor-element-4280fd5c elementor-view-framed ha-css-transform-yes elementor-shape-circle elementor-widget elementor-widget-icon\" data-id=\"4280fd5c\" data-element_type=\"widget\" data-e-type=\"widget\" data-widget_type=\"icon.default\">\n\t\t\t\t\t\t\t<div class=\"elementor-icon-wrapper\">\n\t\t\t<a class=\"elementor-icon\" href=\"https:\/\/www.google.com\/maps\/dir\/\/Coordimed+Rendel%C5%91,+Budapest,+V%C3%B6lgy+u.+5%2Fa,+1021\/@47.5331077,18.8974392,12z\/data=!4m9!4m8!1m0!1m5!1m1!1s0x4741df42866f0743:0x14a74cb411201e3f!2m2!1d18.9798393!2d47.5330213!3e0?entry=ttu&#038;g_ep=EgoyMDI0MDkwNC4wIKXMDSoASAFQAw%3D%3D\" target=\"_blank\">\n\t\t\t<i aria-hidden=\"true\" class=\"fas fa-car\"><\/i>\t\t\t<\/a>\n\t\t<\/div>\n\t\t\t\t\t\t<\/div>\n\t\t\t\t<\/div>\n\t\t\t\t<div class=\"elementor-element elementor-element-3572351a elementor-widget elementor-widget-text-editor\" data-id=\"3572351a\" data-element_type=\"widget\" data-e-type=\"widget\" data-widget_type=\"text-editor.default\">\n\t\t\t\t\t\t\t\t\t<h6 dir=\"ltr\" style=\"text-align: center;\">Telefonsz\u00e1m: <a style=\"font-family: var(--primary-font); font-size: 0.888889em;\" href=\"tel: +36304563934\">+36 30 456 3934<\/a><\/h6><h6 dir=\"ltr\" style=\"text-align: center;\"><strong>S\u00fcrg\u0151ss\u00e9gi telefonsz\u00e1m:<\/strong><\/h6><h6 dir=\"ltr\" style=\"text-align: center;\"><a href=\"tel: +36305080895\">+36 30 508 0895<\/a><\/h6>\t\t\t\t\t\t\t\t<\/div>\n\t\t\t\t<div class=\"elementor-element elementor-element-1535db5a elementor-shape-circle elementor-grid-0 e-grid-align-center elementor-widget elementor-widget-social-icons\" data-id=\"1535db5a\" data-element_type=\"widget\" data-e-type=\"widget\" data-widget_type=\"social-icons.default\">\n\t\t\t\t\t\t\t<div class=\"elementor-social-icons-wrapper elementor-grid\" role=\"list\">\n\t\t\t\t\t\t\t<span class=\"elementor-grid-item\" role=\"listitem\">\n\t\t\t\t\t<a class=\"elementor-icon elementor-social-icon elementor-social-icon-facebook elementor-animation-grow elementor-repeater-item-048549f\" href=\"https:\/\/www.facebook.com\/coordimed\" target=\"_blank\">\n\t\t\t\t\t\t<span class=\"elementor-screen-only\">Facebook<\/span>\n\t\t\t\t\t\t<i aria-hidden=\"true\" class=\"fab fa-facebook\"><\/i>\t\t\t\t\t<\/a>\n\t\t\t\t<\/span>\n\t\t\t\t\t\t\t<span class=\"elementor-grid-item\" role=\"listitem\">\n\t\t\t\t\t<a class=\"elementor-icon elementor-social-icon elementor-social-icon-instagram elementor-animation-grow elementor-repeater-item-b256041\" href=\"https:\/\/www.instagram.com\/coordimedeu\/\" target=\"_blank\">\n\t\t\t\t\t\t<span class=\"elementor-screen-only\">Instagram<\/span>\n\t\t\t\t\t\t<i aria-hidden=\"true\" class=\"fab fa-instagram\"><\/i>\t\t\t\t\t<\/a>\n\t\t\t\t<\/span>\n\t\t\t\t\t<\/div>\n\t\t\t\t\t\t<\/div>\n\t\t\t\t<\/div>\n\t\t\t\t<\/div>\n\t\t<div class=\"elementor-element elementor-element-db20b57 e-con-full e-flex e-con e-child\" data-id=\"db20b57\" data-element_type=\"container\" data-e-type=\"container\" data-settings=\"{&quot;_ha_eqh_enable&quot;:false}\">\n\t\t<div class=\"elementor-element elementor-element-4cba0696 e-con-full e-flex e-con e-child\" data-id=\"4cba0696\" data-element_type=\"container\" data-e-type=\"container\" data-settings=\"{&quot;_ha_eqh_enable&quot;:false}\">\n\t\t\t\t<div class=\"elementor-element elementor-element-8cd38 elementor-widget elementor-widget-theme-site-logo elementor-widget-image\" data-id=\"8cd38\" data-element_type=\"widget\" data-e-type=\"widget\" data-widget_type=\"theme-site-logo.default\">\n\t\t\t\t\t\t\t\t\t\t\t<a href=\"https:\/\/coordimed.hu\">\n\t\t\t<img decoding=\"async\" width=\"150\" height=\"39\" src=\"https:\/\/i0.wp.com\/coordimed.hu\/wp-content\/uploads\/2023\/09\/cropped-Coordimed_logo_150px.webp?fit=150%2C39&amp;ssl=1\" class=\"attachment-full size-full wp-image-41\" alt=\"\" \/>\t\t\t\t<\/a>\n\t\t\t\t\t\t\t\t\t\t\t<\/div>\n\t\t\t\t<div class=\"elementor-element elementor-element-2b0741b6 elementor-widget elementor-widget-gallery\" data-id=\"2b0741b6\" data-element_type=\"widget\" data-e-type=\"widget\" data-settings=\"{&quot;gallery_layout&quot;:&quot;justified&quot;,&quot;overlay_description&quot;:&quot;title&quot;,&quot;ideal_row_height&quot;:{&quot;unit&quot;:&quot;px&quot;,&quot;size&quot;:200,&quot;sizes&quot;:[]},&quot;ideal_row_height_tablet&quot;:{&quot;unit&quot;:&quot;px&quot;,&quot;size&quot;:150,&quot;sizes&quot;:[]},&quot;ideal_row_height_mobile&quot;:{&quot;unit&quot;:&quot;px&quot;,&quot;size&quot;:150,&quot;sizes&quot;:[]},&quot;gap&quot;:{&quot;unit&quot;:&quot;px&quot;,&quot;size&quot;:10,&quot;sizes&quot;:[]},&quot;gap_tablet&quot;:{&quot;unit&quot;:&quot;px&quot;,&quot;size&quot;:10,&quot;sizes&quot;:[]},&quot;gap_mobile&quot;:{&quot;unit&quot;:&quot;px&quot;,&quot;size&quot;:10,&quot;sizes&quot;:[]},&quot;link_to&quot;:&quot;file&quot;,&quot;overlay_background&quot;:&quot;yes&quot;,&quot;content_hover_animation&quot;:&quot;fade-in&quot;}\" data-widget_type=\"gallery.default\">\n\t\t\t\t\t\t\t<div class=\"elementor-gallery__container\">\n\t\t\t\t\t\t\t<a class=\"e-gallery-item elementor-gallery-item elementor-animated-content\" href=\"https:\/\/i0.wp.com\/coordimed.hu\/wp-content\/uploads\/2024\/09\/20240911_160800-scaled-e1726314029570.webp?fit=1920%2C1434&#038;ssl=1\" data-elementor-open-lightbox=\"yes\" data-elementor-lightbox-slideshow=\"2b0741b6\" data-elementor-lightbox-title=\"Bej\u00e1rat\" data-e-action-hash=\"#elementor-action%3Aaction%3Dlightbox%26settings%3DeyJpZCI6NDU3NSwidXJsIjoiaHR0cHM6XC9cL2Nvb3JkaW1lZC5odVwvd3AtY29udGVudFwvdXBsb2Fkc1wvMjAyNFwvMDlcLzIwMjQwOTExXzE2MDgwMC1zY2FsZWQtZTE3MjYzMTQwMjk1NzAud2VicCIsInNsaWRlc2hvdyI6IjJiMDc0MWI2In0%3D\">\n\t\t\t\t\t<div class=\"e-gallery-image elementor-gallery-item__image\" data-thumbnail=\"https:\/\/i0.wp.com\/coordimed.hu\/wp-content\/uploads\/2024\/09\/20240911_160800-scaled-e1726314029570.webp?fit=768%2C573&amp;ssl=1\" data-width=\"768\" data-height=\"573\" aria-label=\"\" role=\"img\" ><\/div>\n\t\t\t\t\t\t\t\t\t\t\t<div class=\"elementor-gallery-item__overlay\"><\/div>\n\t\t\t\t\t\t\t\t\t\t\t\t\t\t\t<div class=\"elementor-gallery-item__content\">\n\t\t\t\t\t\t\t\t\t\t\t\t\t\t<div class=\"elementor-gallery-item__description\">\n\t\t\t\t\t\t\t\t\t\t\t\t\t\t\t\t\t\tBej\u00e1rat\t\t\t\t\t\t\t\t<\/div>\n\t\t\t\t\t\t\t\t\t\t\t\t<\/div>\n\t\t\t\t\t\t\t\t\t<\/a>\n\t\t\t\t\t<\/div>\n\t\t\t\t\t<\/div>\n\t\t\t\t<\/div>\n\t\t\t\t<\/div>\n\t\t\t\t<\/div>\n\t\t\t\t\t<\/div>\n\t\t\t\t<\/div>\n\t\t\t\t<\/div>\n\t\t","protected":false},"excerpt":{"rendered":"<p>Amikor a k\u00e9pek mes\u00e9lnek \u2013 besz\u00e9lget\u00e9s Dr. Incze Zsuzsa radiol\u00f3gussal<\/p>\n","protected":false},"author":2,"featured_media":5204,"comment_status":"closed","ping_status":"open","sticky":false,"template":"elementor_theme","format":"standard","meta":{"_jetpack_memberships_contains_paid_content":false,"footnotes":""},"categories":[18],"tags":[],"class_list":["post-11825","post","type-post","status-publish","format-standard","has-post-thumbnail","hentry","category-ultrahang","latest_post"],"yoast_head":"<!-- This site is optimized with the Yoast SEO Premium plugin v26.4 (Yoast SEO v27.5) - https:\/\/yoast.com\/product\/yoast-seo-premium-wordpress\/ -->\n<title>Amikor a k\u00e9pek mes\u00e9lnek \u2013 besz\u00e9lget\u00e9s Dr. Incze Zsuzsa radiol\u00f3gussal - Coordimed Blog<\/title>\n<meta name=\"description\" content=\"Amikor a k\u00e9pek mes\u00e9lnek \u2013 besz\u00e9lget\u00e9s Dr. Incze Zsuzsa radiol\u00f3gussal\" \/>\n<meta name=\"robots\" content=\"index, follow, max-snippet:-1, max-image-preview:large, max-video-preview:-1\" \/>\n<link rel=\"canonical\" href=\"https:\/\/coordimed.hu\/index.php\/2026\/03\/09\/amikor-a-kepek-meselnek-beszelgetes-dr-incze-zsuzsa-radiologussal\/\" \/>\n<meta property=\"og:locale\" content=\"hu_HU\" \/>\n<meta property=\"og:type\" content=\"article\" \/>\n<meta property=\"og:title\" content=\"Amikor a k\u00e9pek mes\u00e9lnek \u2013 besz\u00e9lget\u00e9s Dr. Incze Zsuzsa radiol\u00f3gussal - Coordimed Blog\" \/>\n<meta property=\"og:description\" content=\"Amikor a k\u00e9pek mes\u00e9lnek \u2013 besz\u00e9lget\u00e9s Dr. Incze Zsuzsa radiol\u00f3gussal\" \/>\n<meta property=\"og:url\" content=\"https:\/\/coordimed.hu\/index.php\/2026\/03\/09\/amikor-a-kepek-meselnek-beszelgetes-dr-incze-zsuzsa-radiologussal\/\" \/>\n<meta property=\"article:publisher\" content=\"https:\/\/www.facebook.com\/coordimed\" \/>\n<meta property=\"article:published_time\" content=\"2026-03-09T14:22:39+00:00\" \/>\n<meta property=\"article:modified_time\" content=\"2026-03-09T14:33:22+00:00\" \/>\n<meta property=\"og:image\" content=\"https:\/\/coordimed.hu\/wp-content\/uploads\/2024\/09\/shutterstock_2384414737.webp\" \/>\n\t<meta property=\"og:image:width\" content=\"1000\" \/>\n\t<meta property=\"og:image:height\" content=\"667\" \/>\n\t<meta property=\"og:image:type\" content=\"image\/webp\" \/>\n<meta name=\"author\" content=\"Dr. Kacskovics \u00c9va\" \/>\n<meta name=\"twitter:card\" content=\"summary_large_image\" \/>\n<meta name=\"twitter:title\" content=\"Amikor a k\u00e9pek mes\u00e9lnek \u2013 besz\u00e9lget\u00e9s Dr. Incze Zsuzsa radiol\u00f3gussal\" \/>\n<meta name=\"twitter:label1\" content=\"Szerz\u0151:\" \/>\n\t<meta name=\"twitter:data1\" content=\"Dr. Kacskovics \u00c9va\" \/>\n\t<meta name=\"twitter:label2\" content=\"Becs\u00fclt olvas\u00e1si id\u0151\" \/>\n\t<meta name=\"twitter:data2\" content=\"14 perc\" \/>\n<script type=\"application\/ld+json\" class=\"yoast-schema-graph\">{\"@context\":\"https:\\\/\\\/schema.org\",\"@graph\":[{\"@type\":\"Article\",\"@id\":\"https:\\\/\\\/coordimed.hu\\\/index.php\\\/2026\\\/03\\\/09\\\/amikor-a-kepek-meselnek-beszelgetes-dr-incze-zsuzsa-radiologussal\\\/#article\",\"isPartOf\":{\"@id\":\"https:\\\/\\\/coordimed.hu\\\/index.php\\\/2026\\\/03\\\/09\\\/amikor-a-kepek-meselnek-beszelgetes-dr-incze-zsuzsa-radiologussal\\\/\"},\"author\":{\"name\":\"Dr. Kacskovics \u00c9va\",\"@id\":\"https:\\\/\\\/coordimed.hu\\\/#\\\/schema\\\/person\\\/d75f933bc4af202ca0448d7fbebb364a\"},\"headline\":\"Amikor a k\u00e9pek mes\u00e9lnek \u2013 besz\u00e9lget\u00e9s Dr. Incze Zsuzsa radiol\u00f3gussal\",\"datePublished\":\"2026-03-09T14:22:39+00:00\",\"dateModified\":\"2026-03-09T14:33:22+00:00\",\"mainEntityOfPage\":{\"@id\":\"https:\\\/\\\/coordimed.hu\\\/index.php\\\/2026\\\/03\\\/09\\\/amikor-a-kepek-meselnek-beszelgetes-dr-incze-zsuzsa-radiologussal\\\/\"},\"wordCount\":3461,\"publisher\":{\"@id\":\"https:\\\/\\\/coordimed.hu\\\/#organization\"},\"image\":{\"@id\":\"https:\\\/\\\/coordimed.hu\\\/index.php\\\/2026\\\/03\\\/09\\\/amikor-a-kepek-meselnek-beszelgetes-dr-incze-zsuzsa-radiologussal\\\/#primaryimage\"},\"thumbnailUrl\":\"https:\\\/\\\/i0.wp.com\\\/coordimed.hu\\\/wp-content\\\/uploads\\\/2024\\\/09\\\/shutterstock_2384414737.webp?fit=1000%2C667&ssl=1\",\"articleSection\":[\"Ultrahang\"],\"inLanguage\":\"hu\"},{\"@type\":\"WebPage\",\"@id\":\"https:\\\/\\\/coordimed.hu\\\/index.php\\\/2026\\\/03\\\/09\\\/amikor-a-kepek-meselnek-beszelgetes-dr-incze-zsuzsa-radiologussal\\\/\",\"url\":\"https:\\\/\\\/coordimed.hu\\\/index.php\\\/2026\\\/03\\\/09\\\/amikor-a-kepek-meselnek-beszelgetes-dr-incze-zsuzsa-radiologussal\\\/\",\"name\":\"Amikor a k\u00e9pek mes\u00e9lnek \u2013 besz\u00e9lget\u00e9s Dr. Incze Zsuzsa radiol\u00f3gussal - Coordimed Blog\",\"isPartOf\":{\"@id\":\"https:\\\/\\\/coordimed.hu\\\/#website\"},\"primaryImageOfPage\":{\"@id\":\"https:\\\/\\\/coordimed.hu\\\/index.php\\\/2026\\\/03\\\/09\\\/amikor-a-kepek-meselnek-beszelgetes-dr-incze-zsuzsa-radiologussal\\\/#primaryimage\"},\"image\":{\"@id\":\"https:\\\/\\\/coordimed.hu\\\/index.php\\\/2026\\\/03\\\/09\\\/amikor-a-kepek-meselnek-beszelgetes-dr-incze-zsuzsa-radiologussal\\\/#primaryimage\"},\"thumbnailUrl\":\"https:\\\/\\\/i0.wp.com\\\/coordimed.hu\\\/wp-content\\\/uploads\\\/2024\\\/09\\\/shutterstock_2384414737.webp?fit=1000%2C667&ssl=1\",\"datePublished\":\"2026-03-09T14:22:39+00:00\",\"dateModified\":\"2026-03-09T14:33:22+00:00\",\"description\":\"Amikor a k\u00e9pek mes\u00e9lnek \u2013 besz\u00e9lget\u00e9s Dr. Incze Zsuzsa radiol\u00f3gussal\",\"breadcrumb\":{\"@id\":\"https:\\\/\\\/coordimed.hu\\\/index.php\\\/2026\\\/03\\\/09\\\/amikor-a-kepek-meselnek-beszelgetes-dr-incze-zsuzsa-radiologussal\\\/#breadcrumb\"},\"inLanguage\":\"hu\",\"potentialAction\":[{\"@type\":\"ReadAction\",\"target\":[\"https:\\\/\\\/coordimed.hu\\\/index.php\\\/2026\\\/03\\\/09\\\/amikor-a-kepek-meselnek-beszelgetes-dr-incze-zsuzsa-radiologussal\\\/\"]}]},{\"@type\":\"ImageObject\",\"inLanguage\":\"hu\",\"@id\":\"https:\\\/\\\/coordimed.hu\\\/index.php\\\/2026\\\/03\\\/09\\\/amikor-a-kepek-meselnek-beszelgetes-dr-incze-zsuzsa-radiologussal\\\/#primaryimage\",\"url\":\"https:\\\/\\\/i0.wp.com\\\/coordimed.hu\\\/wp-content\\\/uploads\\\/2024\\\/09\\\/shutterstock_2384414737.webp?fit=1000%2C667&ssl=1\",\"contentUrl\":\"https:\\\/\\\/i0.wp.com\\\/coordimed.hu\\\/wp-content\\\/uploads\\\/2024\\\/09\\\/shutterstock_2384414737.webp?fit=1000%2C667&ssl=1\",\"width\":1000,\"height\":667},{\"@type\":\"BreadcrumbList\",\"@id\":\"https:\\\/\\\/coordimed.hu\\\/index.php\\\/2026\\\/03\\\/09\\\/amikor-a-kepek-meselnek-beszelgetes-dr-incze-zsuzsa-radiologussal\\\/#breadcrumb\",\"itemListElement\":[{\"@type\":\"ListItem\",\"position\":1,\"name\":\"Kezd\u0151lap\",\"item\":\"https:\\\/\\\/coordimed.hu\\\/\"},{\"@type\":\"ListItem\",\"position\":2,\"name\":\"Amikor a k\u00e9pek mes\u00e9lnek \u2013 besz\u00e9lget\u00e9s Dr. Incze Zsuzsa radiol\u00f3gussal\"}]},{\"@type\":\"WebSite\",\"@id\":\"https:\\\/\\\/coordimed.hu\\\/#website\",\"url\":\"https:\\\/\\\/coordimed.hu\\\/\",\"name\":\"Coordimed\",\"description\":\"-  Sz\u00edvb\u0151l gy\u00f3gy\u00edtunk\",\"publisher\":{\"@id\":\"https:\\\/\\\/coordimed.hu\\\/#organization\"},\"potentialAction\":[{\"@type\":\"SearchAction\",\"target\":{\"@type\":\"EntryPoint\",\"urlTemplate\":\"https:\\\/\\\/coordimed.hu\\\/?s={search_term_string}\"},\"query-input\":{\"@type\":\"PropertyValueSpecification\",\"valueRequired\":true,\"valueName\":\"search_term_string\"}}],\"inLanguage\":\"hu\"},{\"@type\":\"Organization\",\"@id\":\"https:\\\/\\\/coordimed.hu\\\/#organization\",\"name\":\"Coordimed Rendel\u0151 Kft.\",\"url\":\"https:\\\/\\\/coordimed.hu\\\/\",\"logo\":{\"@type\":\"ImageObject\",\"inLanguage\":\"hu\",\"@id\":\"https:\\\/\\\/coordimed.hu\\\/#\\\/schema\\\/logo\\\/image\\\/\",\"url\":\"https:\\\/\\\/i0.wp.com\\\/coordimed.hu\\\/wp-content\\\/uploads\\\/2023\\\/09\\\/cropped-Coordimed_logo_150px.webp?fit=150%2C39&ssl=1\",\"contentUrl\":\"https:\\\/\\\/i0.wp.com\\\/coordimed.hu\\\/wp-content\\\/uploads\\\/2023\\\/09\\\/cropped-Coordimed_logo_150px.webp?fit=150%2C39&ssl=1\",\"width\":150,\"height\":39,\"caption\":\"Coordimed Rendel\u0151 Kft.\"},\"image\":{\"@id\":\"https:\\\/\\\/coordimed.hu\\\/#\\\/schema\\\/logo\\\/image\\\/\"},\"sameAs\":[\"https:\\\/\\\/www.facebook.com\\\/coordimed\"],\"ownershipFundingInfo\":\"https:\\\/\\\/coordimed.hu\\\/index.php\\\/rolunk\\\/\",\"actionableFeedbackPolicy\":\"https:\\\/\\\/coordimed.hu\\\/index.php\\\/kapcsolat\\\/\",\"correctionsPolicy\":\"https:\\\/\\\/coordimed.hu\\\/index.php\\\/kapcsolat\\\/\"},{\"@type\":\"Person\",\"@id\":\"https:\\\/\\\/coordimed.hu\\\/#\\\/schema\\\/person\\\/d75f933bc4af202ca0448d7fbebb364a\",\"name\":\"Dr. Kacskovics \u00c9va\",\"image\":{\"@type\":\"ImageObject\",\"inLanguage\":\"hu\",\"@id\":\"https:\\\/\\\/secure.gravatar.com\\\/avatar\\\/67822de66754ef867b6b455593a5f00640da36801dfb1e30724deeac2a7d3861?s=96&d=mm&r=g\",\"url\":\"https:\\\/\\\/secure.gravatar.com\\\/avatar\\\/67822de66754ef867b6b455593a5f00640da36801dfb1e30724deeac2a7d3861?s=96&d=mm&r=g\",\"contentUrl\":\"https:\\\/\\\/secure.gravatar.com\\\/avatar\\\/67822de66754ef867b6b455593a5f00640da36801dfb1e30724deeac2a7d3861?s=96&d=mm&r=g\",\"caption\":\"Dr. Kacskovics \u00c9va\"},\"url\":\"https:\\\/\\\/coordimed.hu\\\/index.php\\\/author\\\/ekacsko\\\/\"}]}<\/script>\n<!-- \/ Yoast SEO Premium plugin. -->","yoast_head_json":{"title":"Amikor a k\u00e9pek mes\u00e9lnek \u2013 besz\u00e9lget\u00e9s Dr. Incze Zsuzsa radiol\u00f3gussal - Coordimed Blog","description":"Amikor a k\u00e9pek mes\u00e9lnek \u2013 besz\u00e9lget\u00e9s Dr. Incze Zsuzsa radiol\u00f3gussal","robots":{"index":"index","follow":"follow","max-snippet":"max-snippet:-1","max-image-preview":"max-image-preview:large","max-video-preview":"max-video-preview:-1"},"canonical":"https:\/\/coordimed.hu\/index.php\/2026\/03\/09\/amikor-a-kepek-meselnek-beszelgetes-dr-incze-zsuzsa-radiologussal\/","og_locale":"hu_HU","og_type":"article","og_title":"Amikor a k\u00e9pek mes\u00e9lnek \u2013 besz\u00e9lget\u00e9s Dr. Incze Zsuzsa radiol\u00f3gussal - Coordimed Blog","og_description":"Amikor a k\u00e9pek mes\u00e9lnek \u2013 besz\u00e9lget\u00e9s Dr. Incze Zsuzsa radiol\u00f3gussal","og_url":"https:\/\/coordimed.hu\/index.php\/2026\/03\/09\/amikor-a-kepek-meselnek-beszelgetes-dr-incze-zsuzsa-radiologussal\/","article_publisher":"https:\/\/www.facebook.com\/coordimed","article_published_time":"2026-03-09T14:22:39+00:00","article_modified_time":"2026-03-09T14:33:22+00:00","og_image":[{"width":1000,"height":667,"url":"https:\/\/coordimed.hu\/wp-content\/uploads\/2024\/09\/shutterstock_2384414737.webp","type":"image\/webp"}],"author":"Dr. Kacskovics \u00c9va","twitter_card":"summary_large_image","twitter_title":"Amikor a k\u00e9pek mes\u00e9lnek \u2013 besz\u00e9lget\u00e9s Dr. Incze Zsuzsa radiol\u00f3gussal","twitter_misc":{"Szerz\u0151:":"Dr. Kacskovics \u00c9va","Becs\u00fclt olvas\u00e1si id\u0151":"14 perc"},"schema":{"@context":"https:\/\/schema.org","@graph":[{"@type":"Article","@id":"https:\/\/coordimed.hu\/index.php\/2026\/03\/09\/amikor-a-kepek-meselnek-beszelgetes-dr-incze-zsuzsa-radiologussal\/#article","isPartOf":{"@id":"https:\/\/coordimed.hu\/index.php\/2026\/03\/09\/amikor-a-kepek-meselnek-beszelgetes-dr-incze-zsuzsa-radiologussal\/"},"author":{"name":"Dr. Kacskovics \u00c9va","@id":"https:\/\/coordimed.hu\/#\/schema\/person\/d75f933bc4af202ca0448d7fbebb364a"},"headline":"Amikor a k\u00e9pek mes\u00e9lnek \u2013 besz\u00e9lget\u00e9s Dr. Incze Zsuzsa radiol\u00f3gussal","datePublished":"2026-03-09T14:22:39+00:00","dateModified":"2026-03-09T14:33:22+00:00","mainEntityOfPage":{"@id":"https:\/\/coordimed.hu\/index.php\/2026\/03\/09\/amikor-a-kepek-meselnek-beszelgetes-dr-incze-zsuzsa-radiologussal\/"},"wordCount":3461,"publisher":{"@id":"https:\/\/coordimed.hu\/#organization"},"image":{"@id":"https:\/\/coordimed.hu\/index.php\/2026\/03\/09\/amikor-a-kepek-meselnek-beszelgetes-dr-incze-zsuzsa-radiologussal\/#primaryimage"},"thumbnailUrl":"https:\/\/i0.wp.com\/coordimed.hu\/wp-content\/uploads\/2024\/09\/shutterstock_2384414737.webp?fit=1000%2C667&ssl=1","articleSection":["Ultrahang"],"inLanguage":"hu"},{"@type":"WebPage","@id":"https:\/\/coordimed.hu\/index.php\/2026\/03\/09\/amikor-a-kepek-meselnek-beszelgetes-dr-incze-zsuzsa-radiologussal\/","url":"https:\/\/coordimed.hu\/index.php\/2026\/03\/09\/amikor-a-kepek-meselnek-beszelgetes-dr-incze-zsuzsa-radiologussal\/","name":"Amikor a k\u00e9pek mes\u00e9lnek \u2013 besz\u00e9lget\u00e9s Dr. Incze Zsuzsa radiol\u00f3gussal - Coordimed Blog","isPartOf":{"@id":"https:\/\/coordimed.hu\/#website"},"primaryImageOfPage":{"@id":"https:\/\/coordimed.hu\/index.php\/2026\/03\/09\/amikor-a-kepek-meselnek-beszelgetes-dr-incze-zsuzsa-radiologussal\/#primaryimage"},"image":{"@id":"https:\/\/coordimed.hu\/index.php\/2026\/03\/09\/amikor-a-kepek-meselnek-beszelgetes-dr-incze-zsuzsa-radiologussal\/#primaryimage"},"thumbnailUrl":"https:\/\/i0.wp.com\/coordimed.hu\/wp-content\/uploads\/2024\/09\/shutterstock_2384414737.webp?fit=1000%2C667&ssl=1","datePublished":"2026-03-09T14:22:39+00:00","dateModified":"2026-03-09T14:33:22+00:00","description":"Amikor a k\u00e9pek mes\u00e9lnek \u2013 besz\u00e9lget\u00e9s Dr. Incze Zsuzsa radiol\u00f3gussal","breadcrumb":{"@id":"https:\/\/coordimed.hu\/index.php\/2026\/03\/09\/amikor-a-kepek-meselnek-beszelgetes-dr-incze-zsuzsa-radiologussal\/#breadcrumb"},"inLanguage":"hu","potentialAction":[{"@type":"ReadAction","target":["https:\/\/coordimed.hu\/index.php\/2026\/03\/09\/amikor-a-kepek-meselnek-beszelgetes-dr-incze-zsuzsa-radiologussal\/"]}]},{"@type":"ImageObject","inLanguage":"hu","@id":"https:\/\/coordimed.hu\/index.php\/2026\/03\/09\/amikor-a-kepek-meselnek-beszelgetes-dr-incze-zsuzsa-radiologussal\/#primaryimage","url":"https:\/\/i0.wp.com\/coordimed.hu\/wp-content\/uploads\/2024\/09\/shutterstock_2384414737.webp?fit=1000%2C667&ssl=1","contentUrl":"https:\/\/i0.wp.com\/coordimed.hu\/wp-content\/uploads\/2024\/09\/shutterstock_2384414737.webp?fit=1000%2C667&ssl=1","width":1000,"height":667},{"@type":"BreadcrumbList","@id":"https:\/\/coordimed.hu\/index.php\/2026\/03\/09\/amikor-a-kepek-meselnek-beszelgetes-dr-incze-zsuzsa-radiologussal\/#breadcrumb","itemListElement":[{"@type":"ListItem","position":1,"name":"Kezd\u0151lap","item":"https:\/\/coordimed.hu\/"},{"@type":"ListItem","position":2,"name":"Amikor a k\u00e9pek mes\u00e9lnek \u2013 besz\u00e9lget\u00e9s Dr. Incze Zsuzsa radiol\u00f3gussal"}]},{"@type":"WebSite","@id":"https:\/\/coordimed.hu\/#website","url":"https:\/\/coordimed.hu\/","name":"Coordimed","description":"-  Sz\u00edvb\u0151l gy\u00f3gy\u00edtunk","publisher":{"@id":"https:\/\/coordimed.hu\/#organization"},"potentialAction":[{"@type":"SearchAction","target":{"@type":"EntryPoint","urlTemplate":"https:\/\/coordimed.hu\/?s={search_term_string}"},"query-input":{"@type":"PropertyValueSpecification","valueRequired":true,"valueName":"search_term_string"}}],"inLanguage":"hu"},{"@type":"Organization","@id":"https:\/\/coordimed.hu\/#organization","name":"Coordimed Rendel\u0151 Kft.","url":"https:\/\/coordimed.hu\/","logo":{"@type":"ImageObject","inLanguage":"hu","@id":"https:\/\/coordimed.hu\/#\/schema\/logo\/image\/","url":"https:\/\/i0.wp.com\/coordimed.hu\/wp-content\/uploads\/2023\/09\/cropped-Coordimed_logo_150px.webp?fit=150%2C39&ssl=1","contentUrl":"https:\/\/i0.wp.com\/coordimed.hu\/wp-content\/uploads\/2023\/09\/cropped-Coordimed_logo_150px.webp?fit=150%2C39&ssl=1","width":150,"height":39,"caption":"Coordimed Rendel\u0151 Kft."},"image":{"@id":"https:\/\/coordimed.hu\/#\/schema\/logo\/image\/"},"sameAs":["https:\/\/www.facebook.com\/coordimed"],"ownershipFundingInfo":"https:\/\/coordimed.hu\/index.php\/rolunk\/","actionableFeedbackPolicy":"https:\/\/coordimed.hu\/index.php\/kapcsolat\/","correctionsPolicy":"https:\/\/coordimed.hu\/index.php\/kapcsolat\/"},{"@type":"Person","@id":"https:\/\/coordimed.hu\/#\/schema\/person\/d75f933bc4af202ca0448d7fbebb364a","name":"Dr. Kacskovics \u00c9va","image":{"@type":"ImageObject","inLanguage":"hu","@id":"https:\/\/secure.gravatar.com\/avatar\/67822de66754ef867b6b455593a5f00640da36801dfb1e30724deeac2a7d3861?s=96&d=mm&r=g","url":"https:\/\/secure.gravatar.com\/avatar\/67822de66754ef867b6b455593a5f00640da36801dfb1e30724deeac2a7d3861?s=96&d=mm&r=g","contentUrl":"https:\/\/secure.gravatar.com\/avatar\/67822de66754ef867b6b455593a5f00640da36801dfb1e30724deeac2a7d3861?s=96&d=mm&r=g","caption":"Dr. Kacskovics \u00c9va"},"url":"https:\/\/coordimed.hu\/index.php\/author\/ekacsko\/"}]}},"jetpack_featured_media_url":"https:\/\/i0.wp.com\/coordimed.hu\/wp-content\/uploads\/2024\/09\/shutterstock_2384414737.webp?fit=1000%2C667&ssl=1","jetpack_sharing_enabled":true,"_links":{"self":[{"href":"https:\/\/coordimed.hu\/index.php\/wp-json\/wp\/v2\/posts\/11825","targetHints":{"allow":["GET"]}}],"collection":[{"href":"https:\/\/coordimed.hu\/index.php\/wp-json\/wp\/v2\/posts"}],"about":[{"href":"https:\/\/coordimed.hu\/index.php\/wp-json\/wp\/v2\/types\/post"}],"author":[{"embeddable":true,"href":"https:\/\/coordimed.hu\/index.php\/wp-json\/wp\/v2\/users\/2"}],"replies":[{"embeddable":true,"href":"https:\/\/coordimed.hu\/index.php\/wp-json\/wp\/v2\/comments?post=11825"}],"version-history":[{"count":10,"href":"https:\/\/coordimed.hu\/index.php\/wp-json\/wp\/v2\/posts\/11825\/revisions"}],"predecessor-version":[{"id":11841,"href":"https:\/\/coordimed.hu\/index.php\/wp-json\/wp\/v2\/posts\/11825\/revisions\/11841"}],"wp:featuredmedia":[{"embeddable":true,"href":"https:\/\/coordimed.hu\/index.php\/wp-json\/wp\/v2\/media\/5204"}],"wp:attachment":[{"href":"https:\/\/coordimed.hu\/index.php\/wp-json\/wp\/v2\/media?parent=11825"}],"wp:term":[{"taxonomy":"category","embeddable":true,"href":"https:\/\/coordimed.hu\/index.php\/wp-json\/wp\/v2\/categories?post=11825"},{"taxonomy":"post_tag","embeddable":true,"href":"https:\/\/coordimed.hu\/index.php\/wp-json\/wp\/v2\/tags?post=11825"}],"curies":[{"name":"wp","href":"https:\/\/api.w.org\/{rel}","templated":true}]}}