{"id":10101,"date":"2025-10-20T12:39:35","date_gmt":"2025-10-20T10:39:35","guid":{"rendered":"https:\/\/coordimed.hu\/?p=10101"},"modified":"2025-10-20T12:45:47","modified_gmt":"2025-10-20T10:45:47","slug":"gyoki-kompresszio","status":"publish","type":"post","link":"https:\/\/coordimed.hu\/index.php\/2025\/10\/20\/gyoki-kompresszio\/","title":{"rendered":"Gy\u00f6ki kompresszi\u00f3"},"content":{"rendered":"\t\t<div data-elementor-type=\"wp-post\" data-elementor-id=\"10101\" class=\"elementor elementor-10101\" data-elementor-settings=\"{&quot;ha_cmc_init_switcher&quot;:&quot;no&quot;}\" data-elementor-post-type=\"post\">\n\t\t\t\t<div class=\"elementor-element elementor-element-c4a0e2b e-flex e-con-boxed e-con e-parent\" data-id=\"c4a0e2b\" data-element_type=\"container\" data-e-type=\"container\" data-settings=\"{&quot;_ha_eqh_enable&quot;:false}\">\n\t\t\t\t\t<div class=\"e-con-inner\">\n\t\t\t\t<div class=\"elementor-element elementor-element-52c7678 elementor-widget elementor-widget-html\" data-id=\"52c7678\" data-element_type=\"widget\" data-e-type=\"widget\" data-widget_type=\"html.default\">\n\t\t\t\t\t<!-- META ADATOK -->\r\n<title>Gy\u00f6ki kompresszi\u00f3 \u00e9s gerincvel\u0151-kompresszi\u00f3 \u2013 mit jelentenek ezek a diagn\u00f3zisok?<\/title>\r\n<meta name=\"description\" content=\"Gy\u00f6ki kompresszi\u00f3 vagy gerincvel\u0151-kompresszi\u00f3 szerepel a lelet\u00e9n? Elmagyar\u00e1zzuk, mit jelent, milyen t\u00fcnetekkel j\u00e1r, \u00e9s mikor sz\u00fcks\u00e9ges gerincspecialista vizsg\u00e1lat.\">\r\n\r\n<!-- CIKK TARTALOM -->\r\n<section style=\"padding:80px 0; background:#ffffff;\">\r\n  <div style=\"max-width:1100px; margin:0 auto;\">\r\n\r\n    <h1 style=\"font-size:34px; margin-bottom:30px; text-align:center;\">\r\n      Gy\u00f6ki kompresszi\u00f3 \u00e9s gerincvel\u0151-kompresszi\u00f3 \u2013 mit jelentenek ezek a diagn\u00f3zisok, \u00e9s mikor sz\u00fcks\u00e9ges orvosi beavatkoz\u00e1s?\r\n    <\/h1>\r\n\r\n    <p style=\"font-size:18px; line-height:1.7; color:#333;\">\r\n      A <strong>gy\u00f6ki kompresszi\u00f3<\/strong> \u00e9s a <strong>gerincvel\u0151-kompresszi\u00f3<\/strong> kifejez\u00e9sek gyakran szerepelnek MRI vagy CT leleteken, \r\n      de a legt\u00f6bb p\u00e1ciens sz\u00e1m\u00e1ra nehezen \u00e9rtelmezhet\u0151k.  \r\n      Val\u00f3j\u00e1ban ezek a fogalmak idegi nyom\u00e1sra, azaz a <strong>gerincb\u0151l kil\u00e9p\u0151 idegek<\/strong> vagy a <strong>gerincvel\u0151<\/strong> mechanikus \u00f6sszenyom\u00f3d\u00e1s\u00e1ra utalnak.  \r\n      Att\u00f3l f\u00fcgg\u0151en, hogy melyik szakasz \u00e9rintett \u2013 p\u00e9ld\u00e1ul L5 vagy S1 gy\u00f6k \u2013, a panaszok zsibbad\u00e1sban, gyenges\u00e9gben, kisug\u00e1rz\u00f3 f\u00e1jdalomban vagy mozg\u00e1skorl\u00e1tozotts\u00e1gban jelentkezhetnek.  \r\n      Cikk\u00fcnk c\u00e9lja, hogy \u00e9rthet\u0151en bemutassa, mit jelentenek ezek a diagn\u00f3zisok, mikor sz\u00fcks\u00e9ges szakorvosi ell\u00e1t\u00e1s, \u00e9s hogyan zajlik a kezel\u00e9s.\r\n    <\/p>\r\n\r\n    <h2 style=\"font-size:28px; margin-top:50px;\">Mi az a gy\u00f6ki kompresszi\u00f3?<\/h2>\r\n    <p style=\"font-size:17px; line-height:1.7;\">\r\n      A <strong>gy\u00f6ki kompresszi\u00f3<\/strong> kifejez\u00e9s az ideggy\u00f6k nyom\u00e1s\u00e1ra utal.  \r\n      Az ideggy\u00f6k\u00f6k azok a finom idegrostok, amelyek a gerincvel\u0151b\u0151l kil\u00e9pve az izmokat \u00e9s \u00e9rz\u00e9kel\u0151 ter\u00fcleteket idegzik be.  \r\n      Amikor egy porckorongs\u00e9rv, csontkin\u00f6v\u00e9s vagy gyullad\u00e1s nyom\u00e1st gyakorol r\u00e1juk, a beteg f\u00e1jdalmat, zsibbad\u00e1st vagy izomgyenges\u00e9get tapasztal.  \r\n      Ezt nevezz\u00fck ideggy\u00f6ki kompresszi\u00f3nak.\r\n    <\/p>\r\n\r\n    <p style=\"font-size:17px; line-height:1.7;\">\r\n      A nyom\u00e1s k\u00f6vetkezt\u00e9ben az ideg inger\u00fcletvezet\u00e9se romlik, \u00edgy a t\u00fcnetek att\u00f3l f\u00fcggnek, melyik gy\u00f6k \u00e9rintett.  \r\n      Az \u00e1gy\u00e9ki szakaszon p\u00e9ld\u00e1ul az L5 \u00e9s az S1 gy\u00f6k\u00f6k kompresszi\u00f3ja a leggyakoribb, m\u00edg a nyaki r\u00e9gi\u00f3ban a C5\u2013C7 idegek szorulhatnak nyom\u00e1s al\u00e1.\r\n    <\/p>\r\n\r\n    <h2 style=\"font-size:28px; margin-top:50px;\">Az L5 \u00e9s S1 gy\u00f6ki kompresszi\u00f3 t\u00fcnetei<\/h2>\r\n    <p style=\"font-size:17px; line-height:1.7;\">\r\n      A <strong>lumb\u00e1lis (\u00e1gy\u00e9ki) gerincszakasz<\/strong> az egyik legnagyobb terhel\u00e9snek kitett ter\u00fclet, ez\u00e9rt itt fordul el\u0151 leggyakrabban gy\u00f6ki nyom\u00e1s.  \r\n      Az L5 \u00e9s S1 gy\u00f6k\u00f6k \u00e9rintetts\u00e9ge k\u00fcl\u00f6nb\u00f6z\u0151 t\u00fcnetekkel j\u00e1r:\r\n    <\/p>\r\n\r\n    <ul style=\"font-size:17px; line-height:1.8; padding-left:20px;\">\r\n      <li><strong>L5 gy\u00f6ki kompresszi\u00f3:<\/strong> zsibbad\u00e1s a l\u00e1bsz\u00e1r k\u00fcls\u0151 oldal\u00e1n, a nagyl\u00e1bujjban, gyenges\u00e9g a l\u00e1bfej emel\u00e9s\u00e9ben, j\u00e1r\u00e1sbizonytalans\u00e1g.<\/li>\r\n      <li><strong>S1 gy\u00f6ki kompresszi\u00f3:<\/strong> f\u00e1jdalom a farpof\u00e1t\u00f3l a comb h\u00e1ts\u00f3 r\u00e9sz\u00e9n a sarokig, Achilles-reflex gyeng\u00fcl\u00e9se, l\u00e1bujjhegyre \u00e1ll\u00e1s neh\u00e9zs\u00e9ge.<\/li>\r\n    <\/ul>\r\n\r\n    <p style=\"font-size:17px; line-height:1.7;\">\r\n      A f\u00e1jdalom \u00e1ltal\u00e1ban <strong>egyoldali<\/strong>, \u00e9s jellemz\u0151en mozg\u00e1sra, \u00fcl\u00e9sre vagy el\u0151rehajl\u00e1sra fokoz\u00f3dik.  \r\n      A betegek gyakran \u201eidegbecs\u00edp\u0151d\u00e9sk\u00e9nt\u201d \u00edrj\u00e1k le, de a pontos diagn\u00f3zis k\u00e9palkot\u00f3 vizsg\u00e1lattal \u00e1ll\u00edthat\u00f3 fel.\r\n    <\/p>\r\n\r\n    <h2 style=\"font-size:28px; margin-top:50px;\">A gy\u00f6ki kompresszi\u00f3 okai<\/h2>\r\n    <ul style=\"font-size:17px; line-height:1.8; padding-left:20px;\">\r\n      <li><strong>Porckorongs\u00e9rv:<\/strong> a kit\u00fcremked\u0151 porckorong nyom\u00e1st gyakorol az ideggy\u00f6kre.<\/li>\r\n      <li><strong>Degenerat\u00edv gerincelv\u00e1ltoz\u00e1sok:<\/strong> meszesed\u00e9s, csigolya\u00edz\u00fcleti kop\u00e1s.<\/li>\r\n      <li><strong>Csigolyaelcs\u00fasz\u00e1s (spondylolisthesis):<\/strong> a csigoly\u00e1k elmozdul\u00e1sa idegkompresszi\u00f3t okozhat.<\/li>\r\n      <li><strong>Gyullad\u00e1s vagy duzzanat:<\/strong> a gerinc k\u00f6r\u00fcli sz\u00f6vetek duzzanata is nyomhatja az ideget.<\/li>\r\n      <li><strong>Trauma:<\/strong> baleset vagy hirtelen mozdulat okozta idegi s\u00e9r\u00fcl\u00e9s.<\/li>\r\n    <\/ul>\r\n\r\n    <h2 style=\"font-size:28px; margin-top:50px;\">Mit jelent a gerincvel\u0151-kompresszi\u00f3?<\/h2>\r\n    <p style=\"font-size:17px; line-height:1.7;\">\r\n      A <strong>gerincvel\u0151-kompresszi\u00f3<\/strong> (myelopathia compressiva) a gerincvel\u0151 k\u00f6zvetlen nyom\u00f3d\u00e1sa, \r\n      ami s\u00falyosabb idegrendszeri t\u00fcnetekkel j\u00e1rhat.  \r\n      Ilyenkor nemcsak egy-egy ideggy\u00f6k, hanem a k\u00f6zponti idegp\u00e1ly\u00e1k is \u00e9rintettek, \u00edgy a panaszok k\u00e9toldaliak \u00e9s kiterjedtebbek lehetnek.\r\n    <\/p>\r\n\r\n    <p style=\"font-size:17px; line-height:1.7;\">\r\n      A t\u00fcnetek k\u00f6z\u00e9 tartozhat az izomgyenges\u00e9g, j\u00e1r\u00e1si bizonytalans\u00e1g, a k\u00e9z \u00fcgyetlens\u00e9ge, vagy ak\u00e1r vizelet- \u00e9s sz\u00e9klet\u00fcr\u00edt\u00e9si zavarok is.  \r\n      A gerincvel\u0151-kompresszi\u00f3 teh\u00e1t <strong>neurol\u00f3giai s\u00fcrg\u0151ss\u00e9g<\/strong> is lehet, amely halad\u00e9ktalan orvosi ell\u00e1t\u00e1st ig\u00e9nyel.\r\n    <\/p>\r\n\r\n    <h2 style=\"font-size:28px; margin-top:50px;\">Hogyan diagnosztiz\u00e1lhat\u00f3 a gy\u00f6ki \u00e9s a gerincvel\u0151-kompresszi\u00f3?<\/h2>\r\n    <p style=\"font-size:17px; line-height:1.7;\">\r\n      A diagn\u00f3zis fel\u00e1ll\u00edt\u00e1sa t\u00f6bb l\u00e9p\u00e9sb\u0151l \u00e1ll:\r\n    <\/p>\r\n\r\n    <ul style=\"font-size:17px; line-height:1.8; padding-left:20px;\">\r\n      <li><strong>Fizik\u00e1lis vizsg\u00e1lat:<\/strong> reflexek, izomer\u0151, \u00e9rz\u00e9szavar, mozg\u00e1startom\u00e1ny felm\u00e9r\u00e9se.<\/li>\r\n      <li><strong>Neurol\u00f3giai vizsg\u00e1lat:<\/strong> az idegrendszer m\u0171k\u00f6d\u00e9s\u00e9nek r\u00e9szletes \u00e9rt\u00e9kel\u00e9se.<\/li>\r\n      <li><strong>MRI:<\/strong> a legpontosabb m\u00f3dszer a kompresszi\u00f3 hely\u00e9nek \u00e9s m\u00e9rt\u00e9k\u00e9nek meghat\u00e1roz\u00e1s\u00e1ra.<\/li>\r\n      <li><strong>CT-vizsg\u00e1lat:<\/strong> csontelv\u00e1ltoz\u00e1sok, csigolya\u00f6sszeroppan\u00e1sok kimutat\u00e1s\u00e1ra.<\/li>\r\n      <li><strong>Elektrofiziol\u00f3giai vizsg\u00e1latok:<\/strong> az idegvezet\u00e9s \u00e9s izomaktivit\u00e1s felm\u00e9r\u00e9se.<\/li>\r\n    <\/ul>\r\n\r\n    <p style=\"font-size:17px; line-height:1.7;\">\r\n      A vizsg\u00e1lati eredm\u00e9nyek alapj\u00e1n a szakember meg tudja \u00e1llap\u00edtani, hogy a kompresszi\u00f3 enyhe, k\u00f6z\u00e9ps\u00falyos vagy s\u00falyos, \r\n      \u00e9s sz\u00fcks\u00e9g van-e idegseb\u00e9szeti beavatkoz\u00e1sra.\r\n    <\/p>\r\n\r\n    <h2 style=\"font-size:28px; margin-top:50px;\">Gy\u00f6ki kompresszi\u00f3 kezel\u00e9se \u2013 mikor seg\u00edt a konzervat\u00edv ter\u00e1pia?<\/h2>\r\n    <p style=\"font-size:17px; line-height:1.7;\">\r\n      Enyh\u00e9bb esetekben a kezel\u00e9s c\u00e9lja az ideggy\u00f6k felszabad\u00edt\u00e1sa \u00e9s a gyullad\u00e1s cs\u00f6kkent\u00e9se.  \r\n      A konzervat\u00edv ter\u00e1pi\u00e1k k\u00f6z\u00e9 tartozik:\r\n    <\/p>\r\n\r\n    <ul style=\"font-size:17px; line-height:1.8; padding-left:20px;\">\r\n      <li>Gyullad\u00e1scs\u00f6kkent\u0151 gy\u00f3gyszerek \u00e9s izomlaz\u00edt\u00f3k alkalmaz\u00e1sa<\/li>\r\n      <li>C\u00e9lzott <strong>gy\u00f3gytorna<\/strong> a gerinc stabiliz\u00e1l\u00e1s\u00e1ra \u00e9s a nyom\u00e1s cs\u00f6kkent\u00e9s\u00e9re<\/li>\r\n      <li>Fizikoter\u00e1pia (ultrahang, TENS, l\u00e1gyr\u00e9teg-laz\u00edt\u00e1s)<\/li>\r\n      <li>K\u00e9zi ter\u00e1pia, idegny\u00fajt\u00f3 mobiliz\u00e1ci\u00f3<\/li>\r\n      <li>Rendszeres kontroll vizsg\u00e1lat a javul\u00e1s k\u00f6vet\u00e9s\u00e9re<\/li>\r\n    <\/ul>\r\n\r\n    <p style=\"font-size:17px; line-height:1.7;\">\r\n      Amennyiben a f\u00e1jdalom, zsibbad\u00e1s vagy izomgyenges\u00e9g nem javul, a szakorvos idegseb\u00e9szeti konzult\u00e1ci\u00f3t javasolhat.  \r\n      Ilyenkor az ideg felszabad\u00edt\u00e1s\u00e1t c\u00e9lz\u00f3 m\u0171t\u00e9ti megold\u00e1sok ker\u00fclhetnek sz\u00f3ba.\r\n    <\/p>\r\n\r\n    <h2 style=\"font-size:28px; margin-top:50px;\">Gerincvel\u0151-kompresszi\u00f3 kezel\u00e9se<\/h2>\r\n    <p style=\"font-size:17px; line-height:1.7;\">\r\n      A <strong>gerincvel\u0151-kompresszi\u00f3<\/strong> kezel\u00e9se s\u00fcrg\u0151ss\u00e9gi feladat is lehet.  \r\n      A c\u00e9l az idegi strukt\u00far\u00e1k miel\u0151bbi tehermentes\u00edt\u00e9se, hogy a funkci\u00f3k helyre\u00e1lljanak \u00e9s ne alakuljon ki maradand\u00f3 k\u00e1rosod\u00e1s.\r\n    <\/p>\r\n\r\n    <ul style=\"font-size:17px; line-height:1.8; padding-left:20px;\">\r\n      <li><strong>Gyullad\u00e1scs\u00f6kkent\u0151 \u00e9s \u00f6d\u00e9macs\u00f6kkent\u0151 gy\u00f3gyszerek<\/strong> a duzzanat m\u00e9rs\u00e9kl\u00e9s\u00e9re.<\/li>\r\n      <li><strong>Idegseb\u00e9szeti beavatkoz\u00e1s<\/strong> a nyom\u00e1s megsz\u00fcntet\u00e9s\u00e9re (pl. dekompresszi\u00f3s m\u0171t\u00e9t).<\/li>\r\n      <li><strong>Rehabilit\u00e1ci\u00f3 \u00e9s gy\u00f3gytorna<\/strong> a mozg\u00e1sfunkci\u00f3k vissza\u00e1ll\u00edt\u00e1s\u00e1ra.<\/li>\r\n      <li><strong>Fizioter\u00e1pia \u00e9s izomer\u0151s\u00edt\u00e9s<\/strong> a gerinc stabiliz\u00e1l\u00e1s\u00e1ra.<\/li>\r\n    <\/ul>\r\n\r\n    <h2 style=\"font-size:28px; margin-top:50px;\">Mikor kell orvoshoz fordulni?<\/h2>\r\n    <ul style=\"font-size:17px; line-height:1.8; padding-left:20px;\">\r\n      <li>Ha a der\u00e9k- vagy nyakf\u00e1jdalom kisug\u00e1rzik a karba vagy l\u00e1bba.<\/li>\r\n      <li>Ha zsibbad\u00e1st, bizserg\u00e9st vagy izomgyenges\u00e9get tapasztal.<\/li>\r\n      <li>Ha nehez\u00edtett j\u00e1r\u00e1s, egyens\u00falyveszt\u00e9s vagy vizelet\u00fcr\u00edt\u00e9si zavar jelentkezik.<\/li>\r\n      <li>Ha a f\u00e1jdalom hetek \u00f3ta fenn\u00e1ll vagy fokoz\u00f3dik.<\/li>\r\n    <\/ul>\r\n\r\n    <p style=\"font-size:17px; line-height:1.7;\">\r\n      A <a href=\"https:\/\/coordimed.hu\/index.php\/rendelo\/gerincgyogyaszat\/\" style=\"text-decoration:underline; color:#3b7f68;\">Coordimed Gerincgy\u00f3gy\u00e1szat<\/a> \r\n      szakemberei minden esetben szem\u00e9lyre szabottan vizsg\u00e1lj\u00e1k a panaszok h\u00e1tter\u00e9t, \u00e9s multidiszciplin\u00e1ris megk\u00f6zel\u00edt\u00e9ssel (radiol\u00f3gia, idegseb\u00e9szet, gy\u00f3gytorna) seg\u00edtenek a gy\u00f3gyul\u00e1sban.\r\n    <\/p>\r\n\r\n    <h2 style=\"font-size:28px; margin-top:50px;\">\u00d6sszefoglal\u00e1s<\/h2>\r\n    <p style=\"font-size:17px; line-height:1.7;\">\r\n      A <strong>gy\u00f6ki kompresszi\u00f3<\/strong> \u00e9s a <strong>gerincvel\u0151-kompresszi\u00f3<\/strong> idegi nyom\u00e1s k\u00f6vetkezt\u00e9ben kialakul\u00f3 \u00e1llapotok, \r\n      amelyek id\u0151ben felismerve j\u00f3l kezelhet\u0151k.  \r\n      A diagn\u00f3zis nem mindig jelent m\u0171t\u00e9tet \u2013 sok esetben konzervat\u00edv ter\u00e1pi\u00e1val, mozg\u00e1ster\u00e1pi\u00e1val \u00e9s orvosi ellen\u0151rz\u00e9ssel teljes gy\u00f3gyul\u00e1s \u00e9rhet\u0151 el.  \r\n      A legfontosabb, hogy a tart\u00f3s zsibbad\u00e1s, f\u00e1jdalom vagy izomgyenges\u00e9g eset\u00e9n ne halogassuk a szakember felkeres\u00e9s\u00e9t.\r\n    <\/p>\r\n\r\n  <\/div>\r\n<\/section>\r\n\t\t\t\t<\/div>\n\t\t\t\t\t<\/div>\n\t\t\t\t<\/div>\n\t\t<div class=\"elementor-element elementor-element-64b9b88 e-flex e-con-boxed e-con e-parent\" data-id=\"64b9b88\" data-element_type=\"container\" data-e-type=\"container\" data-settings=\"{&quot;_ha_eqh_enable&quot;:false}\">\n\t\t\t\t\t<div class=\"e-con-inner\">\n\t\t\t\t<div class=\"elementor-element elementor-element-0fedbd5 elementor-widget-divider--view-line elementor-widget elementor-widget-divider\" data-id=\"0fedbd5\" data-element_type=\"widget\" data-e-type=\"widget\" data-widget_type=\"divider.default\">\n\t\t\t\t\t\t\t<div class=\"elementor-divider\">\n\t\t\t<span class=\"elementor-divider-separator\">\n\t\t\t\t\t\t<\/span>\n\t\t<\/div>\n\t\t\t\t\t\t<\/div>\n\t\t\t\t\t<\/div>\n\t\t\t\t<\/div>\n\t\t<div class=\"elementor-element elementor-element-4253b9d e-flex e-con-boxed e-con e-parent\" data-id=\"4253b9d\" data-element_type=\"container\" data-e-type=\"container\" data-settings=\"{&quot;_ha_eqh_enable&quot;:false}\">\n\t\t\t\t\t<div class=\"e-con-inner\">\n\t\t<div class=\"elementor-element elementor-element-f6c758c e-con-full e-flex e-con e-child\" data-id=\"f6c758c\" data-element_type=\"container\" data-e-type=\"container\" data-settings=\"{&quot;_ha_eqh_enable&quot;:false}\">\n\t\t\t\t<div class=\"elementor-element elementor-element-554965c elementor-widget elementor-widget-image\" data-id=\"554965c\" data-element_type=\"widget\" data-e-type=\"widget\" data-widget_type=\"image.default\">\n\t\t\t\t\t\t\t\t\t\t\t\t<figure class=\"wp-caption\">\n\t\t\t\t\t\t\t\t\t\t\t<a href=\"https:\/\/medicall.cc\/idopontfoglalas\/coordimed\/specializations?qualificationId=90018\" target=\"_blank\">\n\t\t\t\t\t\t\t<img decoding=\"async\" src=\"https:\/\/i0.wp.com\/coordimed.hu\/wp-content\/uploads\/2025\/10\/TOMI1567-scaled.jpg?fit=280%2C350&#038;ssl=1\" title=\"Dr. Kozma Istv\u00e1n\" alt=\"Dr. Kozma Istv\u00e1n\" loading=\"lazy\" \/>\t\t\t\t\t\t\t\t<\/a>\n\t\t\t\t\t\t\t\t\t\t\t<figcaption class=\"widget-image-caption wp-caption-text\">Dr. Kozma Istv\u00e1n - Idegseb\u00e9sz<\/figcaption>\n\t\t\t\t\t\t\t\t\t\t<\/figure>\n\t\t\t\t\t\t\t\t\t<\/div>\n\t\t\t\t<div class=\"elementor-element elementor-element-9e0d967 elementor-align-center elementor-widget elementor-widget-button\" data-id=\"9e0d967\" data-element_type=\"widget\" data-e-type=\"widget\" data-widget_type=\"button.default\">\n\t\t\t\t\t\t\t\t\t\t<a class=\"elementor-button elementor-button-link elementor-size-sm elementor-animation-grow\" href=\"https:\/\/coordimed.hu\/index.php\/dr-kozma-istvan\">\n\t\t\t\t\t\t<span class=\"elementor-button-content-wrapper\">\n\t\t\t\t\t\t\t\t\t<span class=\"elementor-button-text\"> Bemutatkoz\u00e1s<\/span>\n\t\t\t\t\t<\/span>\n\t\t\t\t\t<\/a>\n\t\t\t\t\t\t\t\t<\/div>\n\t\t\t\t<\/div>\n\t\t<div class=\"elementor-element elementor-element-19c60fa e-con-full e-flex e-con e-child\" data-id=\"19c60fa\" data-element_type=\"container\" data-e-type=\"container\" data-settings=\"{&quot;_ha_eqh_enable&quot;:false}\">\n\t\t\t\t<div class=\"elementor-element elementor-element-486c379 elementor-widget__width-initial elementor-widget elementor-widget-html\" data-id=\"486c379\" data-element_type=\"widget\" data-e-type=\"widget\" data-widget_type=\"html.default\">\n\t\t\t\t\t\t<iframe id=\"iframe\" class=\"medio-iframe\" style=\"width: 100%;height: 100%; border:none;\" src=\"https:\/\/medicall.cc\/idopontfoglalas\/coordimed\/calendar-general?doctorId=454892\"><\/iframe><script src=\"https:\/\/medicall.cc\/static\/iframe\/iframe.js\"><\/script>\t\t\t\t<\/div>\n\t\t\t\t<\/div>\n\t\t\t\t\t<\/div>\n\t\t\t\t<\/div>\n\t\t<div class=\"elementor-element elementor-element-d63c813 e-flex e-con-boxed e-con e-parent\" data-id=\"d63c813\" data-element_type=\"container\" data-e-type=\"container\" data-settings=\"{&quot;_ha_eqh_enable&quot;:false}\">\n\t\t\t\t\t<div class=\"e-con-inner\">\n\t\t\t\t<div class=\"elementor-element elementor-element-80ce7c8 elementor-widget-divider--view-line elementor-widget elementor-widget-divider\" data-id=\"80ce7c8\" data-element_type=\"widget\" data-e-type=\"widget\" data-widget_type=\"divider.default\">\n\t\t\t\t\t\t\t<div class=\"elementor-divider\">\n\t\t\t<span class=\"elementor-divider-separator\">\n\t\t\t\t\t\t<\/span>\n\t\t<\/div>\n\t\t\t\t\t\t<\/div>\n\t\t\t\t\t<\/div>\n\t\t\t\t<\/div>\n\t\t<div class=\"elementor-element elementor-element-91aa301 e-flex e-con-boxed e-con e-parent\" data-id=\"91aa301\" data-element_type=\"container\" data-e-type=\"container\" data-settings=\"{&quot;_ha_eqh_enable&quot;:false}\">\n\t\t\t\t\t<div class=\"e-con-inner\">\n\t\t<div class=\"elementor-element elementor-element-88c70b4 e-con-full e-flex e-con e-child\" data-id=\"88c70b4\" data-element_type=\"container\" data-e-type=\"container\" data-settings=\"{&quot;_ha_eqh_enable&quot;:false}\">\n\t\t\t\t<div class=\"elementor-element elementor-element-a69b517 elementor-widget elementor-widget-button\" data-id=\"a69b517\" data-element_type=\"widget\" data-e-type=\"widget\" data-widget_type=\"button.default\">\n\t\t\t\t\t\t\t\t\t\t<a class=\"elementor-button elementor-button-link elementor-size-sm\" href=\"https:\/\/coordimed.hu\/index.php\/gerincgyogyaszat\/\" target=\"_blank\">\n\t\t\t\t\t\t<span class=\"elementor-button-content-wrapper\">\n\t\t\t\t\t\t<span class=\"elementor-button-icon\">\n\t\t\t\t<i aria-hidden=\"true\" class=\"far fa-heart\"><\/i>\t\t\t<\/span>\n\t\t\t\t\t\t\t\t\t<span class=\"elementor-button-text\">Gerincgy\u00f3gy\u00e1szat oldal felkeres\u00e9se<\/span>\n\t\t\t\t\t<\/span>\n\t\t\t\t\t<\/a>\n\t\t\t\t\t\t\t\t<\/div>\n\t\t\t\t<\/div>\n\t\t<div class=\"elementor-element elementor-element-39f6ec2 e-con-full e-flex e-con e-child\" data-id=\"39f6ec2\" data-element_type=\"container\" data-e-type=\"container\" data-settings=\"{&quot;_ha_eqh_enable&quot;:false}\">\n\t\t\t\t<\/div>\n\t\t<div class=\"elementor-element elementor-element-36c1c5e e-con-full e-flex e-con e-child\" data-id=\"36c1c5e\" data-element_type=\"container\" data-e-type=\"container\" data-settings=\"{&quot;_ha_eqh_enable&quot;:false}\">\n\t\t\t\t<div class=\"elementor-element elementor-element-334961f elementor-widget elementor-widget-button\" data-id=\"334961f\" data-element_type=\"widget\" data-e-type=\"widget\" data-widget_type=\"button.default\">\n\t\t\t\t\t\t\t\t\t\t<a class=\"elementor-button elementor-button-link elementor-size-sm\" href=\"https:\/\/coordimed.hu\/index.php\/laboratoriumi-vizsgalatok\/\" target=\"_blank\">\n\t\t\t\t\t\t<span class=\"elementor-button-content-wrapper\">\n\t\t\t\t\t\t<span class=\"elementor-button-icon\">\n\t\t\t\t<i aria-hidden=\"true\" class=\"far fa-heart\"><\/i>\t\t\t<\/span>\n\t\t\t\t\t\t\t\t\t<span class=\"elementor-button-text\">Labor oldal felkeres\u00e9se<\/span>\n\t\t\t\t\t<\/span>\n\t\t\t\t\t<\/a>\n\t\t\t\t\t\t\t\t<\/div>\n\t\t\t\t<\/div>\n\t\t\t\t\t<\/div>\n\t\t\t\t<\/div>\n\t\t<div class=\"elementor-element elementor-element-be87c4a e-flex e-con-boxed e-con e-parent\" data-id=\"be87c4a\" data-element_type=\"container\" data-e-type=\"container\" data-settings=\"{&quot;_ha_eqh_enable&quot;:false}\">\n\t\t\t\t\t<div class=\"e-con-inner\">\n\t\t\t\t<div class=\"elementor-element elementor-element-a50c2b1 elementor-widget-divider--view-line elementor-widget elementor-widget-divider\" data-id=\"a50c2b1\" data-element_type=\"widget\" data-e-type=\"widget\" data-widget_type=\"divider.default\">\n\t\t\t\t\t\t\t<div class=\"elementor-divider\">\n\t\t\t<span class=\"elementor-divider-separator\">\n\t\t\t\t\t\t<\/span>\n\t\t<\/div>\n\t\t\t\t\t\t<\/div>\n\t\t\t\t\t<\/div>\n\t\t\t\t<\/div>\n\t\t<div class=\"elementor-element elementor-element-4e811309 e-flex e-con-boxed e-con e-parent\" data-id=\"4e811309\" data-element_type=\"container\" data-e-type=\"container\" data-settings=\"{&quot;_ha_eqh_enable&quot;:false}\">\n\t\t\t\t\t<div class=\"e-con-inner\">\n\t\t<div class=\"elementor-element elementor-element-780f26e2 e-con-full e-flex e-con e-child\" data-id=\"780f26e2\" data-element_type=\"container\" data-e-type=\"container\" data-settings=\"{&quot;_ha_eqh_enable&quot;:false}\">\n\t\t<div class=\"elementor-element elementor-element-7401e4fa e-con-full e-flex e-con e-child\" data-id=\"7401e4fa\" data-element_type=\"container\" data-e-type=\"container\" data-settings=\"{&quot;_ha_eqh_enable&quot;:false}\">\n\t\t\t\t<div class=\"elementor-element elementor-element-704d7c35 elementor-widget elementor-widget-google_maps\" data-id=\"704d7c35\" data-element_type=\"widget\" data-e-type=\"widget\" data-widget_type=\"google_maps.default\">\n\t\t\t\t\t\t\t<div class=\"elementor-custom-embed\">\n\t\t\t<iframe loading=\"lazy\"\n\t\t\t\t\tsrc=\"https:\/\/maps.google.com\/maps?q=1021%20Budapest%20V%C3%B6lgy%20utca%205%2Fa&#038;t=m&#038;z=10&#038;output=embed&#038;iwloc=near\"\n\t\t\t\t\ttitle=\"1021 Budapest V\u00f6lgy utca 5\/a\"\n\t\t\t\t\taria-label=\"1021 Budapest V\u00f6lgy utca 5\/a\"\n\t\t\t><\/iframe>\n\t\t<\/div>\n\t\t\t\t\t\t<\/div>\n\t\t\t\t<\/div>\n\t\t<div class=\"elementor-element elementor-element-6abaf32b e-con-full e-flex e-con e-child\" data-id=\"6abaf32b\" data-element_type=\"container\" data-e-type=\"container\">\n\t\t<div class=\"elementor-element elementor-element-64cde5ac e-con-full e-flex e-con e-child\" data-id=\"64cde5ac\" data-element_type=\"container\" data-e-type=\"container\" data-settings=\"{&quot;_ha_eqh_enable&quot;:false}\">\n\t\t\t\t<div class=\"elementor-element elementor-element-10f2b6b6 elementor-widget__width-auto elementor-widget elementor-widget-heading\" data-id=\"10f2b6b6\" data-element_type=\"widget\" data-e-type=\"widget\" data-widget_type=\"heading.default\">\n\t\t\t\t\t<h5 class=\"elementor-heading-title elementor-size-default\">\u00datvonal tervez\u0151:<\/h5>\t\t\t\t<\/div>\n\t\t<div class=\"elementor-element elementor-element-ba1bfbe e-grid e-con-full e-con e-child\" data-id=\"ba1bfbe\" data-element_type=\"container\" data-e-type=\"container\" data-settings=\"{&quot;_ha_eqh_enable&quot;:false}\">\n\t\t\t\t<div class=\"elementor-element elementor-element-57378dfc elementor-view-framed ha-css-transform-yes elementor-shape-circle elementor-widget elementor-widget-icon\" data-id=\"57378dfc\" data-element_type=\"widget\" data-e-type=\"widget\" data-widget_type=\"icon.default\">\n\t\t\t\t\t\t\t<div class=\"elementor-icon-wrapper\">\n\t\t\t<a class=\"elementor-icon\" href=\"https:\/\/www.google.com\/maps\/dir\/\/Coordimed+Rendel%C5%91,+Budapest,+V%C3%B6lgy+u.+5%2Fa,+1021\/@47.5329918,18.8974388,12z\/data=!3m1!4b1!4m9!4m8!1m0!1m5!1m1!1s0x4741df42866f0743:0x14a74cb411201e3f!2m2!1d18.9798393!2d47.5330213!3e3?entry=ttu&#038;g_ep=EgoyMDI0MDkwNC4wIKXMDSoASAFQAw%3D%3D\" target=\"_blank\">\n\t\t\t<i aria-hidden=\"true\" class=\"fas fa-walking\"><\/i>\t\t\t<\/a>\n\t\t<\/div>\n\t\t\t\t\t\t<\/div>\n\t\t\t\t<div class=\"elementor-element elementor-element-3a77d2a4 elementor-view-framed ha-css-transform-yes elementor-shape-circle elementor-widget elementor-widget-icon\" data-id=\"3a77d2a4\" data-element_type=\"widget\" data-e-type=\"widget\" data-widget_type=\"icon.default\">\n\t\t\t\t\t\t\t<div class=\"elementor-icon-wrapper\">\n\t\t\t<a class=\"elementor-icon\" href=\"https:\/\/www.google.com\/maps\/dir\/\/Coordimed+Rendel%C5%91,+Budapest,+V%C3%B6lgy+u.+5%2Fa,+1021\/@47.5331077,18.8974392,12z\/data=!4m9!4m8!1m0!1m5!1m1!1s0x4741df42866f0743:0x14a74cb411201e3f!2m2!1d18.9798393!2d47.5330213!3e0?entry=ttu&#038;g_ep=EgoyMDI0MDkwNC4wIKXMDSoASAFQAw%3D%3D\" target=\"_blank\">\n\t\t\t<i aria-hidden=\"true\" class=\"fas fa-car\"><\/i>\t\t\t<\/a>\n\t\t<\/div>\n\t\t\t\t\t\t<\/div>\n\t\t\t\t<\/div>\n\t\t\t\t<div class=\"elementor-element elementor-element-1f93291e elementor-widget elementor-widget-text-editor\" data-id=\"1f93291e\" data-element_type=\"widget\" data-e-type=\"widget\" data-widget_type=\"text-editor.default\">\n\t\t\t\t\t\t\t\t\t<h6 dir=\"ltr\" style=\"text-align: center;\">Telefonsz\u00e1m: <a style=\"font-family: var(--primary-font); font-size: 0.888889em;\" href=\"tel: +36304563934\">+36 30 456 3934<\/a><\/h6><h6 dir=\"ltr\" style=\"text-align: center;\"><strong>S\u00fcrg\u0151ss\u00e9gi telefonsz\u00e1m:<\/strong><\/h6><h6 dir=\"ltr\" style=\"text-align: center;\"><a href=\"tel: +36305080895\">+36 30 508 0895<\/a><\/h6>\t\t\t\t\t\t\t\t<\/div>\n\t\t\t\t<div class=\"elementor-element elementor-element-4a6707d2 elementor-shape-circle elementor-grid-0 e-grid-align-center elementor-widget elementor-widget-social-icons\" data-id=\"4a6707d2\" data-element_type=\"widget\" data-e-type=\"widget\" data-widget_type=\"social-icons.default\">\n\t\t\t\t\t\t\t<div class=\"elementor-social-icons-wrapper elementor-grid\" role=\"list\">\n\t\t\t\t\t\t\t<span class=\"elementor-grid-item\" role=\"listitem\">\n\t\t\t\t\t<a class=\"elementor-icon elementor-social-icon elementor-social-icon-facebook elementor-animation-grow elementor-repeater-item-048549f\" href=\"https:\/\/www.facebook.com\/coordimed\" target=\"_blank\">\n\t\t\t\t\t\t<span class=\"elementor-screen-only\">Facebook<\/span>\n\t\t\t\t\t\t<i aria-hidden=\"true\" class=\"fab fa-facebook\"><\/i>\t\t\t\t\t<\/a>\n\t\t\t\t<\/span>\n\t\t\t\t\t\t\t<span class=\"elementor-grid-item\" role=\"listitem\">\n\t\t\t\t\t<a class=\"elementor-icon elementor-social-icon elementor-social-icon-instagram elementor-animation-grow elementor-repeater-item-b256041\" href=\"https:\/\/www.instagram.com\/coordimedeu\/\" target=\"_blank\">\n\t\t\t\t\t\t<span class=\"elementor-screen-only\">Instagram<\/span>\n\t\t\t\t\t\t<i aria-hidden=\"true\" class=\"fab fa-instagram\"><\/i>\t\t\t\t\t<\/a>\n\t\t\t\t<\/span>\n\t\t\t\t\t<\/div>\n\t\t\t\t\t\t<\/div>\n\t\t\t\t<\/div>\n\t\t\t\t<\/div>\n\t\t<div class=\"elementor-element elementor-element-72f0aee8 e-con-full e-flex e-con e-child\" data-id=\"72f0aee8\" data-element_type=\"container\" data-e-type=\"container\" data-settings=\"{&quot;_ha_eqh_enable&quot;:false}\">\n\t\t<div class=\"elementor-element elementor-element-1047dab8 e-con-full e-flex e-con e-child\" data-id=\"1047dab8\" data-element_type=\"container\" data-e-type=\"container\" data-settings=\"{&quot;_ha_eqh_enable&quot;:false}\">\n\t\t\t\t<div class=\"elementor-element elementor-element-6c22c324 elementor-widget elementor-widget-theme-site-logo elementor-widget-image\" data-id=\"6c22c324\" data-element_type=\"widget\" data-e-type=\"widget\" data-widget_type=\"theme-site-logo.default\">\n\t\t\t\t\t\t\t\t\t\t\t<a href=\"https:\/\/coordimed.hu\">\n\t\t\t<img decoding=\"async\" width=\"150\" height=\"39\" src=\"https:\/\/i0.wp.com\/coordimed.hu\/wp-content\/uploads\/2023\/09\/cropped-Coordimed_logo_150px.webp?fit=150%2C39&amp;ssl=1\" class=\"attachment-full size-full wp-image-41\" alt=\"\" \/>\t\t\t\t<\/a>\n\t\t\t\t\t\t\t\t\t\t\t<\/div>\n\t\t\t\t<div class=\"elementor-element elementor-element-23037a4f elementor-widget elementor-widget-gallery\" data-id=\"23037a4f\" data-element_type=\"widget\" data-e-type=\"widget\" data-settings=\"{&quot;gallery_layout&quot;:&quot;justified&quot;,&quot;overlay_description&quot;:&quot;title&quot;,&quot;ideal_row_height&quot;:{&quot;unit&quot;:&quot;px&quot;,&quot;size&quot;:200,&quot;sizes&quot;:[]},&quot;ideal_row_height_tablet&quot;:{&quot;unit&quot;:&quot;px&quot;,&quot;size&quot;:150,&quot;sizes&quot;:[]},&quot;ideal_row_height_mobile&quot;:{&quot;unit&quot;:&quot;px&quot;,&quot;size&quot;:150,&quot;sizes&quot;:[]},&quot;gap&quot;:{&quot;unit&quot;:&quot;px&quot;,&quot;size&quot;:10,&quot;sizes&quot;:[]},&quot;gap_tablet&quot;:{&quot;unit&quot;:&quot;px&quot;,&quot;size&quot;:10,&quot;sizes&quot;:[]},&quot;gap_mobile&quot;:{&quot;unit&quot;:&quot;px&quot;,&quot;size&quot;:10,&quot;sizes&quot;:[]},&quot;link_to&quot;:&quot;file&quot;,&quot;overlay_background&quot;:&quot;yes&quot;,&quot;content_hover_animation&quot;:&quot;fade-in&quot;}\" data-widget_type=\"gallery.default\">\n\t\t\t\t\t\t\t<div class=\"elementor-gallery__container\">\n\t\t\t\t\t\t\t<a class=\"e-gallery-item elementor-gallery-item elementor-animated-content\" href=\"https:\/\/i0.wp.com\/coordimed.hu\/wp-content\/uploads\/2024\/09\/20240911_160800-scaled-e1726314029570.webp?fit=1920%2C1434&#038;ssl=1\" data-elementor-open-lightbox=\"yes\" data-elementor-lightbox-slideshow=\"23037a4f\" data-elementor-lightbox-title=\"Bej\u00e1rat\" data-e-action-hash=\"#elementor-action%3Aaction%3Dlightbox%26settings%3DeyJpZCI6NDU3NSwidXJsIjoiaHR0cHM6XC9cL2Nvb3JkaW1lZC5odVwvd3AtY29udGVudFwvdXBsb2Fkc1wvMjAyNFwvMDlcLzIwMjQwOTExXzE2MDgwMC1zY2FsZWQtZTE3MjYzMTQwMjk1NzAud2VicCIsInNsaWRlc2hvdyI6IjIzMDM3YTRmIn0%3D\">\n\t\t\t\t\t<div class=\"e-gallery-image elementor-gallery-item__image\" data-thumbnail=\"https:\/\/i0.wp.com\/coordimed.hu\/wp-content\/uploads\/2024\/09\/20240911_160800-scaled-e1726314029570.webp?fit=768%2C573&amp;ssl=1\" data-width=\"768\" data-height=\"573\" aria-label=\"\" role=\"img\" ><\/div>\n\t\t\t\t\t\t\t\t\t\t\t<div class=\"elementor-gallery-item__overlay\"><\/div>\n\t\t\t\t\t\t\t\t\t\t\t\t\t\t\t<div class=\"elementor-gallery-item__content\">\n\t\t\t\t\t\t\t\t\t\t\t\t\t\t<div class=\"elementor-gallery-item__description\">\n\t\t\t\t\t\t\t\t\t\t\t\t\t\t\t\t\t\tBej\u00e1rat\t\t\t\t\t\t\t\t<\/div>\n\t\t\t\t\t\t\t\t\t\t\t\t<\/div>\n\t\t\t\t\t\t\t\t\t<\/a>\n\t\t\t\t\t<\/div>\n\t\t\t\t\t<\/div>\n\t\t\t\t<\/div>\n\t\t\t\t<\/div>\n\t\t\t\t<\/div>\n\t\t\t\t\t<\/div>\n\t\t\t\t<\/div>\n\t\t\t\t<\/div>\n\t\t","protected":false},"excerpt":{"rendered":"<p>Gy\u00f6ki kompresszi\u00f3 vagy gerincvel\u0151-kompresszi\u00f3 szerepel a lelet\u00e9n? Elmagyar\u00e1zzuk, mit jelent, milyen t\u00fcnetekkel j\u00e1r, \u00e9s mikor sz\u00fcks\u00e9ges gerincspecialista vizsg\u00e1lat.<\/p>\n","protected":false},"author":10,"featured_media":8948,"comment_status":"closed","ping_status":"open","sticky":false,"template":"elementor_theme","format":"standard","meta":{"_jetpack_memberships_contains_paid_content":false,"footnotes":""},"categories":[31],"tags":[],"class_list":["post-10101","post","type-post","status-publish","format-standard","has-post-thumbnail","hentry","category-gerincgyogyaszat","latest_post"],"yoast_head":"<!-- This site is optimized with the Yoast SEO Premium plugin v26.4 (Yoast SEO v27.5) - https:\/\/yoast.com\/product\/yoast-seo-premium-wordpress\/ -->\n<title>Gy\u00f6ki kompresszi\u00f3 - Coordimed Rendel\u0151<\/title>\n<meta name=\"description\" content=\"Gy\u00f6ki kompresszi\u00f3 vagy gerincvel\u0151-kompresszi\u00f3 szerepel a lelet\u00e9n? Elmagyar\u00e1zzuk, mit jelent, milyen t\u00fcnetekkel j\u00e1r, \u00e9s mikor sz\u00fcks\u00e9ges gerincspecialista vizsg\u00e1lat.\" \/>\n<meta name=\"robots\" content=\"index, follow, max-snippet:-1, max-image-preview:large, max-video-preview:-1\" \/>\n<link rel=\"canonical\" href=\"https:\/\/coordimed.hu\/index.php\/2025\/10\/20\/gyoki-kompresszio\/\" \/>\n<meta property=\"og:locale\" content=\"hu_HU\" \/>\n<meta property=\"og:type\" content=\"article\" \/>\n<meta property=\"og:title\" content=\"Gy\u00f6ki kompresszi\u00f3 - Coordimed Rendel\u0151\" \/>\n<meta property=\"og:description\" content=\"Gy\u00f6ki kompresszi\u00f3 vagy gerincvel\u0151-kompresszi\u00f3 szerepel a lelet\u00e9n? Elmagyar\u00e1zzuk, mit jelent, milyen t\u00fcnetekkel j\u00e1r, \u00e9s mikor sz\u00fcks\u00e9ges gerincspecialista vizsg\u00e1lat.\" \/>\n<meta property=\"og:url\" content=\"https:\/\/coordimed.hu\/index.php\/2025\/10\/20\/gyoki-kompresszio\/\" \/>\n<meta property=\"article:publisher\" content=\"https:\/\/www.facebook.com\/coordimed\" \/>\n<meta property=\"article:published_time\" content=\"2025-10-20T10:39:35+00:00\" \/>\n<meta property=\"article:modified_time\" content=\"2025-10-20T10:45:47+00:00\" \/>\n<meta property=\"og:image\" content=\"https:\/\/coordimed.hu\/wp-content\/uploads\/2025\/08\/Idegbecsipodes.jpg\" \/>\n\t<meta property=\"og:image:width\" content=\"1080\" \/>\n\t<meta property=\"og:image:height\" content=\"1080\" \/>\n\t<meta property=\"og:image:type\" content=\"image\/jpeg\" \/>\n<meta name=\"author\" content=\"Istv\u00e1n Dr. Kozma\" \/>\n<meta name=\"twitter:card\" content=\"summary_large_image\" \/>\n<meta name=\"twitter:title\" content=\"Gy\u00f6ki kompresszi\u00f3\" \/>\n<meta name=\"twitter:label1\" content=\"Szerz\u0151:\" \/>\n\t<meta name=\"twitter:data1\" content=\"Istv\u00e1n Dr. Kozma\" \/>\n\t<meta name=\"twitter:label2\" content=\"Becs\u00fclt olvas\u00e1si id\u0151\" \/>\n\t<meta name=\"twitter:data2\" content=\"5 perc\" \/>\n<script type=\"application\/ld+json\" class=\"yoast-schema-graph\">{\"@context\":\"https:\\\/\\\/schema.org\",\"@graph\":[{\"@type\":\"Article\",\"@id\":\"https:\\\/\\\/coordimed.hu\\\/index.php\\\/2025\\\/10\\\/20\\\/gyoki-kompresszio\\\/#article\",\"isPartOf\":{\"@id\":\"https:\\\/\\\/coordimed.hu\\\/index.php\\\/2025\\\/10\\\/20\\\/gyoki-kompresszio\\\/\"},\"author\":{\"name\":\"Istv\u00e1n Dr. Kozma\",\"@id\":\"https:\\\/\\\/coordimed.hu\\\/#\\\/schema\\\/person\\\/52f2d3234b120fb47340e766dac72904\"},\"headline\":\"Gy\u00f6ki kompresszi\u00f3\",\"datePublished\":\"2025-10-20T10:39:35+00:00\",\"dateModified\":\"2025-10-20T10:45:47+00:00\",\"mainEntityOfPage\":{\"@id\":\"https:\\\/\\\/coordimed.hu\\\/index.php\\\/2025\\\/10\\\/20\\\/gyoki-kompresszio\\\/\"},\"wordCount\":1174,\"publisher\":{\"@id\":\"https:\\\/\\\/coordimed.hu\\\/#organization\"},\"image\":{\"@id\":\"https:\\\/\\\/coordimed.hu\\\/index.php\\\/2025\\\/10\\\/20\\\/gyoki-kompresszio\\\/#primaryimage\"},\"thumbnailUrl\":\"https:\\\/\\\/i0.wp.com\\\/coordimed.hu\\\/wp-content\\\/uploads\\\/2025\\\/08\\\/Idegbecsipodes-1.jpg?fit=2240%2C1260&ssl=1\",\"articleSection\":[\"Gerincgy\u00f3gy\u00e1szat\"],\"inLanguage\":\"hu\"},{\"@type\":\"WebPage\",\"@id\":\"https:\\\/\\\/coordimed.hu\\\/index.php\\\/2025\\\/10\\\/20\\\/gyoki-kompresszio\\\/\",\"url\":\"https:\\\/\\\/coordimed.hu\\\/index.php\\\/2025\\\/10\\\/20\\\/gyoki-kompresszio\\\/\",\"name\":\"Gy\u00f6ki kompresszi\u00f3 - Coordimed Rendel\u0151\",\"isPartOf\":{\"@id\":\"https:\\\/\\\/coordimed.hu\\\/#website\"},\"primaryImageOfPage\":{\"@id\":\"https:\\\/\\\/coordimed.hu\\\/index.php\\\/2025\\\/10\\\/20\\\/gyoki-kompresszio\\\/#primaryimage\"},\"image\":{\"@id\":\"https:\\\/\\\/coordimed.hu\\\/index.php\\\/2025\\\/10\\\/20\\\/gyoki-kompresszio\\\/#primaryimage\"},\"thumbnailUrl\":\"https:\\\/\\\/i0.wp.com\\\/coordimed.hu\\\/wp-content\\\/uploads\\\/2025\\\/08\\\/Idegbecsipodes-1.jpg?fit=2240%2C1260&ssl=1\",\"datePublished\":\"2025-10-20T10:39:35+00:00\",\"dateModified\":\"2025-10-20T10:45:47+00:00\",\"description\":\"Gy\u00f6ki kompresszi\u00f3 vagy gerincvel\u0151-kompresszi\u00f3 szerepel a lelet\u00e9n? Elmagyar\u00e1zzuk, mit jelent, milyen t\u00fcnetekkel j\u00e1r, \u00e9s mikor sz\u00fcks\u00e9ges gerincspecialista vizsg\u00e1lat.\",\"breadcrumb\":{\"@id\":\"https:\\\/\\\/coordimed.hu\\\/index.php\\\/2025\\\/10\\\/20\\\/gyoki-kompresszio\\\/#breadcrumb\"},\"inLanguage\":\"hu\",\"potentialAction\":[{\"@type\":\"ReadAction\",\"target\":[\"https:\\\/\\\/coordimed.hu\\\/index.php\\\/2025\\\/10\\\/20\\\/gyoki-kompresszio\\\/\"]}]},{\"@type\":\"ImageObject\",\"inLanguage\":\"hu\",\"@id\":\"https:\\\/\\\/coordimed.hu\\\/index.php\\\/2025\\\/10\\\/20\\\/gyoki-kompresszio\\\/#primaryimage\",\"url\":\"https:\\\/\\\/i0.wp.com\\\/coordimed.hu\\\/wp-content\\\/uploads\\\/2025\\\/08\\\/Idegbecsipodes-1.jpg?fit=2240%2C1260&ssl=1\",\"contentUrl\":\"https:\\\/\\\/i0.wp.com\\\/coordimed.hu\\\/wp-content\\\/uploads\\\/2025\\\/08\\\/Idegbecsipodes-1.jpg?fit=2240%2C1260&ssl=1\",\"width\":2240,\"height\":1260},{\"@type\":\"BreadcrumbList\",\"@id\":\"https:\\\/\\\/coordimed.hu\\\/index.php\\\/2025\\\/10\\\/20\\\/gyoki-kompresszio\\\/#breadcrumb\",\"itemListElement\":[{\"@type\":\"ListItem\",\"position\":1,\"name\":\"Kezd\u0151lap\",\"item\":\"https:\\\/\\\/coordimed.hu\\\/\"},{\"@type\":\"ListItem\",\"position\":2,\"name\":\"Gy\u00f6ki kompresszi\u00f3\"}]},{\"@type\":\"WebSite\",\"@id\":\"https:\\\/\\\/coordimed.hu\\\/#website\",\"url\":\"https:\\\/\\\/coordimed.hu\\\/\",\"name\":\"Coordimed\",\"description\":\"-  Sz\u00edvb\u0151l gy\u00f3gy\u00edtunk\",\"publisher\":{\"@id\":\"https:\\\/\\\/coordimed.hu\\\/#organization\"},\"potentialAction\":[{\"@type\":\"SearchAction\",\"target\":{\"@type\":\"EntryPoint\",\"urlTemplate\":\"https:\\\/\\\/coordimed.hu\\\/?s={search_term_string}\"},\"query-input\":{\"@type\":\"PropertyValueSpecification\",\"valueRequired\":true,\"valueName\":\"search_term_string\"}}],\"inLanguage\":\"hu\"},{\"@type\":\"Organization\",\"@id\":\"https:\\\/\\\/coordimed.hu\\\/#organization\",\"name\":\"Coordimed Rendel\u0151 Kft.\",\"url\":\"https:\\\/\\\/coordimed.hu\\\/\",\"logo\":{\"@type\":\"ImageObject\",\"inLanguage\":\"hu\",\"@id\":\"https:\\\/\\\/coordimed.hu\\\/#\\\/schema\\\/logo\\\/image\\\/\",\"url\":\"https:\\\/\\\/i0.wp.com\\\/coordimed.hu\\\/wp-content\\\/uploads\\\/2023\\\/09\\\/cropped-Coordimed_logo_150px.webp?fit=150%2C39&ssl=1\",\"contentUrl\":\"https:\\\/\\\/i0.wp.com\\\/coordimed.hu\\\/wp-content\\\/uploads\\\/2023\\\/09\\\/cropped-Coordimed_logo_150px.webp?fit=150%2C39&ssl=1\",\"width\":150,\"height\":39,\"caption\":\"Coordimed Rendel\u0151 Kft.\"},\"image\":{\"@id\":\"https:\\\/\\\/coordimed.hu\\\/#\\\/schema\\\/logo\\\/image\\\/\"},\"sameAs\":[\"https:\\\/\\\/www.facebook.com\\\/coordimed\"],\"ownershipFundingInfo\":\"https:\\\/\\\/coordimed.hu\\\/index.php\\\/rolunk\\\/\",\"actionableFeedbackPolicy\":\"https:\\\/\\\/coordimed.hu\\\/index.php\\\/kapcsolat\\\/\",\"correctionsPolicy\":\"https:\\\/\\\/coordimed.hu\\\/index.php\\\/kapcsolat\\\/\"},{\"@type\":\"Person\",\"@id\":\"https:\\\/\\\/coordimed.hu\\\/#\\\/schema\\\/person\\\/52f2d3234b120fb47340e766dac72904\",\"name\":\"Istv\u00e1n Dr. Kozma\",\"image\":{\"@type\":\"ImageObject\",\"inLanguage\":\"hu\",\"@id\":\"https:\\\/\\\/secure.gravatar.com\\\/avatar\\\/e1877b4e418a9a61e9c9d9a3a8988b51fcc1b4504f038d5981e47ad45d3d5f2f?s=96&d=mm&r=g\",\"url\":\"https:\\\/\\\/secure.gravatar.com\\\/avatar\\\/e1877b4e418a9a61e9c9d9a3a8988b51fcc1b4504f038d5981e47ad45d3d5f2f?s=96&d=mm&r=g\",\"contentUrl\":\"https:\\\/\\\/secure.gravatar.com\\\/avatar\\\/e1877b4e418a9a61e9c9d9a3a8988b51fcc1b4504f038d5981e47ad45d3d5f2f?s=96&d=mm&r=g\",\"caption\":\"Istv\u00e1n Dr. Kozma\"},\"sameAs\":[\"http:\\\/\\\/www.coordimed.hu\"],\"url\":\"https:\\\/\\\/coordimed.hu\\\/index.php\\\/author\\\/kozma\\\/\"}]}<\/script>\n<!-- \/ Yoast SEO Premium plugin. -->","yoast_head_json":{"title":"Gy\u00f6ki kompresszi\u00f3 - Coordimed Rendel\u0151","description":"Gy\u00f6ki kompresszi\u00f3 vagy gerincvel\u0151-kompresszi\u00f3 szerepel a lelet\u00e9n? Elmagyar\u00e1zzuk, mit jelent, milyen t\u00fcnetekkel j\u00e1r, \u00e9s mikor sz\u00fcks\u00e9ges gerincspecialista vizsg\u00e1lat.","robots":{"index":"index","follow":"follow","max-snippet":"max-snippet:-1","max-image-preview":"max-image-preview:large","max-video-preview":"max-video-preview:-1"},"canonical":"https:\/\/coordimed.hu\/index.php\/2025\/10\/20\/gyoki-kompresszio\/","og_locale":"hu_HU","og_type":"article","og_title":"Gy\u00f6ki kompresszi\u00f3 - Coordimed Rendel\u0151","og_description":"Gy\u00f6ki kompresszi\u00f3 vagy gerincvel\u0151-kompresszi\u00f3 szerepel a lelet\u00e9n? Elmagyar\u00e1zzuk, mit jelent, milyen t\u00fcnetekkel j\u00e1r, \u00e9s mikor sz\u00fcks\u00e9ges gerincspecialista vizsg\u00e1lat.","og_url":"https:\/\/coordimed.hu\/index.php\/2025\/10\/20\/gyoki-kompresszio\/","article_publisher":"https:\/\/www.facebook.com\/coordimed","article_published_time":"2025-10-20T10:39:35+00:00","article_modified_time":"2025-10-20T10:45:47+00:00","og_image":[{"width":1080,"height":1080,"url":"https:\/\/coordimed.hu\/wp-content\/uploads\/2025\/08\/Idegbecsipodes.jpg","type":"image\/jpeg"}],"author":"Istv\u00e1n Dr. Kozma","twitter_card":"summary_large_image","twitter_title":"Gy\u00f6ki kompresszi\u00f3","twitter_misc":{"Szerz\u0151:":"Istv\u00e1n Dr. Kozma","Becs\u00fclt olvas\u00e1si id\u0151":"5 perc"},"schema":{"@context":"https:\/\/schema.org","@graph":[{"@type":"Article","@id":"https:\/\/coordimed.hu\/index.php\/2025\/10\/20\/gyoki-kompresszio\/#article","isPartOf":{"@id":"https:\/\/coordimed.hu\/index.php\/2025\/10\/20\/gyoki-kompresszio\/"},"author":{"name":"Istv\u00e1n Dr. Kozma","@id":"https:\/\/coordimed.hu\/#\/schema\/person\/52f2d3234b120fb47340e766dac72904"},"headline":"Gy\u00f6ki kompresszi\u00f3","datePublished":"2025-10-20T10:39:35+00:00","dateModified":"2025-10-20T10:45:47+00:00","mainEntityOfPage":{"@id":"https:\/\/coordimed.hu\/index.php\/2025\/10\/20\/gyoki-kompresszio\/"},"wordCount":1174,"publisher":{"@id":"https:\/\/coordimed.hu\/#organization"},"image":{"@id":"https:\/\/coordimed.hu\/index.php\/2025\/10\/20\/gyoki-kompresszio\/#primaryimage"},"thumbnailUrl":"https:\/\/i0.wp.com\/coordimed.hu\/wp-content\/uploads\/2025\/08\/Idegbecsipodes-1.jpg?fit=2240%2C1260&ssl=1","articleSection":["Gerincgy\u00f3gy\u00e1szat"],"inLanguage":"hu"},{"@type":"WebPage","@id":"https:\/\/coordimed.hu\/index.php\/2025\/10\/20\/gyoki-kompresszio\/","url":"https:\/\/coordimed.hu\/index.php\/2025\/10\/20\/gyoki-kompresszio\/","name":"Gy\u00f6ki kompresszi\u00f3 - Coordimed Rendel\u0151","isPartOf":{"@id":"https:\/\/coordimed.hu\/#website"},"primaryImageOfPage":{"@id":"https:\/\/coordimed.hu\/index.php\/2025\/10\/20\/gyoki-kompresszio\/#primaryimage"},"image":{"@id":"https:\/\/coordimed.hu\/index.php\/2025\/10\/20\/gyoki-kompresszio\/#primaryimage"},"thumbnailUrl":"https:\/\/i0.wp.com\/coordimed.hu\/wp-content\/uploads\/2025\/08\/Idegbecsipodes-1.jpg?fit=2240%2C1260&ssl=1","datePublished":"2025-10-20T10:39:35+00:00","dateModified":"2025-10-20T10:45:47+00:00","description":"Gy\u00f6ki kompresszi\u00f3 vagy gerincvel\u0151-kompresszi\u00f3 szerepel a lelet\u00e9n? Elmagyar\u00e1zzuk, mit jelent, milyen t\u00fcnetekkel j\u00e1r, \u00e9s mikor sz\u00fcks\u00e9ges gerincspecialista vizsg\u00e1lat.","breadcrumb":{"@id":"https:\/\/coordimed.hu\/index.php\/2025\/10\/20\/gyoki-kompresszio\/#breadcrumb"},"inLanguage":"hu","potentialAction":[{"@type":"ReadAction","target":["https:\/\/coordimed.hu\/index.php\/2025\/10\/20\/gyoki-kompresszio\/"]}]},{"@type":"ImageObject","inLanguage":"hu","@id":"https:\/\/coordimed.hu\/index.php\/2025\/10\/20\/gyoki-kompresszio\/#primaryimage","url":"https:\/\/i0.wp.com\/coordimed.hu\/wp-content\/uploads\/2025\/08\/Idegbecsipodes-1.jpg?fit=2240%2C1260&ssl=1","contentUrl":"https:\/\/i0.wp.com\/coordimed.hu\/wp-content\/uploads\/2025\/08\/Idegbecsipodes-1.jpg?fit=2240%2C1260&ssl=1","width":2240,"height":1260},{"@type":"BreadcrumbList","@id":"https:\/\/coordimed.hu\/index.php\/2025\/10\/20\/gyoki-kompresszio\/#breadcrumb","itemListElement":[{"@type":"ListItem","position":1,"name":"Kezd\u0151lap","item":"https:\/\/coordimed.hu\/"},{"@type":"ListItem","position":2,"name":"Gy\u00f6ki kompresszi\u00f3"}]},{"@type":"WebSite","@id":"https:\/\/coordimed.hu\/#website","url":"https:\/\/coordimed.hu\/","name":"Coordimed","description":"-  Sz\u00edvb\u0151l gy\u00f3gy\u00edtunk","publisher":{"@id":"https:\/\/coordimed.hu\/#organization"},"potentialAction":[{"@type":"SearchAction","target":{"@type":"EntryPoint","urlTemplate":"https:\/\/coordimed.hu\/?s={search_term_string}"},"query-input":{"@type":"PropertyValueSpecification","valueRequired":true,"valueName":"search_term_string"}}],"inLanguage":"hu"},{"@type":"Organization","@id":"https:\/\/coordimed.hu\/#organization","name":"Coordimed Rendel\u0151 Kft.","url":"https:\/\/coordimed.hu\/","logo":{"@type":"ImageObject","inLanguage":"hu","@id":"https:\/\/coordimed.hu\/#\/schema\/logo\/image\/","url":"https:\/\/i0.wp.com\/coordimed.hu\/wp-content\/uploads\/2023\/09\/cropped-Coordimed_logo_150px.webp?fit=150%2C39&ssl=1","contentUrl":"https:\/\/i0.wp.com\/coordimed.hu\/wp-content\/uploads\/2023\/09\/cropped-Coordimed_logo_150px.webp?fit=150%2C39&ssl=1","width":150,"height":39,"caption":"Coordimed Rendel\u0151 Kft."},"image":{"@id":"https:\/\/coordimed.hu\/#\/schema\/logo\/image\/"},"sameAs":["https:\/\/www.facebook.com\/coordimed"],"ownershipFundingInfo":"https:\/\/coordimed.hu\/index.php\/rolunk\/","actionableFeedbackPolicy":"https:\/\/coordimed.hu\/index.php\/kapcsolat\/","correctionsPolicy":"https:\/\/coordimed.hu\/index.php\/kapcsolat\/"},{"@type":"Person","@id":"https:\/\/coordimed.hu\/#\/schema\/person\/52f2d3234b120fb47340e766dac72904","name":"Istv\u00e1n Dr. Kozma","image":{"@type":"ImageObject","inLanguage":"hu","@id":"https:\/\/secure.gravatar.com\/avatar\/e1877b4e418a9a61e9c9d9a3a8988b51fcc1b4504f038d5981e47ad45d3d5f2f?s=96&d=mm&r=g","url":"https:\/\/secure.gravatar.com\/avatar\/e1877b4e418a9a61e9c9d9a3a8988b51fcc1b4504f038d5981e47ad45d3d5f2f?s=96&d=mm&r=g","contentUrl":"https:\/\/secure.gravatar.com\/avatar\/e1877b4e418a9a61e9c9d9a3a8988b51fcc1b4504f038d5981e47ad45d3d5f2f?s=96&d=mm&r=g","caption":"Istv\u00e1n Dr. Kozma"},"sameAs":["http:\/\/www.coordimed.hu"],"url":"https:\/\/coordimed.hu\/index.php\/author\/kozma\/"}]}},"jetpack_featured_media_url":"https:\/\/i0.wp.com\/coordimed.hu\/wp-content\/uploads\/2025\/08\/Idegbecsipodes-1.jpg?fit=2240%2C1260&ssl=1","jetpack_sharing_enabled":true,"_links":{"self":[{"href":"https:\/\/coordimed.hu\/index.php\/wp-json\/wp\/v2\/posts\/10101","targetHints":{"allow":["GET"]}}],"collection":[{"href":"https:\/\/coordimed.hu\/index.php\/wp-json\/wp\/v2\/posts"}],"about":[{"href":"https:\/\/coordimed.hu\/index.php\/wp-json\/wp\/v2\/types\/post"}],"author":[{"embeddable":true,"href":"https:\/\/coordimed.hu\/index.php\/wp-json\/wp\/v2\/users\/10"}],"replies":[{"embeddable":true,"href":"https:\/\/coordimed.hu\/index.php\/wp-json\/wp\/v2\/comments?post=10101"}],"version-history":[{"count":7,"href":"https:\/\/coordimed.hu\/index.php\/wp-json\/wp\/v2\/posts\/10101\/revisions"}],"predecessor-version":[{"id":10112,"href":"https:\/\/coordimed.hu\/index.php\/wp-json\/wp\/v2\/posts\/10101\/revisions\/10112"}],"wp:featuredmedia":[{"embeddable":true,"href":"https:\/\/coordimed.hu\/index.php\/wp-json\/wp\/v2\/media\/8948"}],"wp:attachment":[{"href":"https:\/\/coordimed.hu\/index.php\/wp-json\/wp\/v2\/media?parent=10101"}],"wp:term":[{"taxonomy":"category","embeddable":true,"href":"https:\/\/coordimed.hu\/index.php\/wp-json\/wp\/v2\/categories?post=10101"},{"taxonomy":"post_tag","embeddable":true,"href":"https:\/\/coordimed.hu\/index.php\/wp-json\/wp\/v2\/tags?post=10101"}],"curies":[{"name":"wp","href":"https:\/\/api.w.org\/{rel}","templated":true}]}}